{"id":310,"date":"2025-09-10T23:26:21","date_gmt":"2025-09-11T02:26:21","guid":{"rendered":"https:\/\/meuvalor.org\/?p=310"},"modified":"2025-09-19T11:27:57","modified_gmt":"2025-09-19T14:27:57","slug":"como-o-uso-excessivo-das-redes-sociais-afetam-sua-mente","status":"publish","type":"post","link":"https:\/\/meuvalor.org\/?p=310","title":{"rendered":"Como o Uso Excessivo das Redes Sociais Afeta Sua Mente"},"content":{"rendered":"<h4><\/h4>\n<p><span style=\"font-family: arial, helvetica, sans-serif; color: #000000;\">Vivemos em uma era em que a tecnologia faz parte de praticamente todos os aspectos da nossa rotina e n\u00e3o devemos negar os impactos das redes sociais na nossa mente. Celulares, computadores, redes sociais e notifica\u00e7\u00f5es nos acompanham desde o momento em que acordamos at\u00e9 a hora de dormir. Mas, por tr\u00e1s dessa aparente praticidade, existe um problema silencioso que afeta milhares de pessoas: o <strong>Brain Rot \u2013 <\/strong>tamb\u00e9m chamado de <em>c\u00e9rebro superaquecido.<\/em><\/span><\/p>\n<p><span style=\"font-family: arial, helvetica, sans-serif; color: #000000;\">Eu mesma j\u00e1 precisei passar por um processo de <strong>desligamento digital <\/strong>quando percebi que estava sendo consumida pelo Instagram. Era a rede social que mais usava e, sem perceber, havia desenvolvido um padr\u00e3o de uso viciante que me trouxe uma s\u00e9rie de consequ\u00eancias negativas. Esse excesso de consumo digital me levou ao chamado <strong>Brain Rot <\/strong>e, junto vieram sintomas que afetaram diretamente minha sa\u00fade mental, minha criatividade e minha disposi\u00e7\u00e3o di\u00e1ria. Ent\u00e3o, minhas tarefas mais simples do dia a dia se tornaram um fardo.<\/span><\/p>\n<p><img loading=\"lazy\" decoding=\"async\" class=\"alignnone wp-image-311\" src=\"https:\/\/meuvalor.org\/wp-content\/uploads\/2025\/09\/conceito-de-pessoa-que-sofre-de-ciberdoenca-e-dependencia-de-tecnologia-300x200.jpg\" alt=\"\" width=\"794\" height=\"529\" srcset=\"https:\/\/meuvalor.org\/wp-content\/uploads\/2025\/09\/conceito-de-pessoa-que-sofre-de-ciberdoenca-e-dependencia-de-tecnologia-300x200.jpg 300w, https:\/\/meuvalor.org\/wp-content\/uploads\/2025\/09\/conceito-de-pessoa-que-sofre-de-ciberdoenca-e-dependencia-de-tecnologia-1024x683.jpg 1024w, https:\/\/meuvalor.org\/wp-content\/uploads\/2025\/09\/conceito-de-pessoa-que-sofre-de-ciberdoenca-e-dependencia-de-tecnologia-768x512.jpg 768w, https:\/\/meuvalor.org\/wp-content\/uploads\/2025\/09\/conceito-de-pessoa-que-sofre-de-ciberdoenca-e-dependencia-de-tecnologia-1536x1024.jpg 1536w, https:\/\/meuvalor.org\/wp-content\/uploads\/2025\/09\/conceito-de-pessoa-que-sofre-de-ciberdoenca-e-dependencia-de-tecnologia-2048x1365.jpg 2048w\" sizes=\"auto, (max-width: 794px) 100vw, 794px\" \/><\/p>\n<h3><\/h3>\n<h3><\/h3>\n<h3><\/h3>\n<h3><span style=\"font-family: arial, helvetica, sans-serif; color: #000000;\">Mas afinal, o que \u00e9 o Brain Rot?<\/span><\/h3>\n<p><span style=\"font-family: arial, helvetica, sans-serif; color: #000000;\">O termo <strong>Brain Rot <\/strong>descreve uma condi\u00e7\u00e3o de sobrecarga cerebral causada pelo excesso de informa\u00e7\u00f5es e est\u00edmulos digitais. Quando passamos muito tempo conectados \u2013 especialmente em redes sociais que exigem aten\u00e7\u00e3o r\u00e1pida e imediata \u2013 nosso c\u00e9rebro entra em um estado de exaust\u00e3o.<\/span><\/p>\n<p><span style=\"font-family: arial, helvetica, sans-serif; color: #000000;\">\u00c9 como se houvesse tantas abas abertas ao mesmo tempo dentro da mente, que se torna imposs\u00edvel de focar em uma \u00fanica tarefa. Essa sobrecarga prejudica n\u00e3o s\u00f3 a produtividade, mas tamb\u00e9m nossa capacidade criativa, emocional e at\u00e9 f\u00edsica.<\/span><\/p>\n<p>&nbsp;<\/p>\n<h3><span style=\"font-family: arial, helvetica, sans-serif; color: #000000;\">Meus Sintomas no Ponto de Satura\u00e7\u00e3o<\/span><\/h3>\n<p><span style=\"font-family: arial, helvetica, sans-serif; color: #000000;\">Durante essa fase, percebi com clareza como o <strong>uso excessivo das redes sociais <\/strong>estava me prejudicando. N\u00e3o era apenas quest\u00e3o de \u2018\u2019perder tempo\u2019\u2019. O impacto ia muito al\u00e9m: afetava meu foco, meu humor, minha disposi\u00e7\u00e3o para viver e at\u00e9 meu jeito de pensar.<\/span><\/p>\n<h6><span style=\"font-family: arial, helvetica, sans-serif; color: #000000;\">Dificuldade de concentra\u00e7\u00e3o<\/span><\/h6>\n<p><span style=\"font-family: arial, helvetica, sans-serif; color: #000000;\">Minha mente parecia estar sempre distra\u00edda. Era quase imposs\u00edvel focar em uma tarefa por completo, porque a todo o momento surgia a vontade de checar o celular. Pequenos est\u00edmulos \u2013 como notifica\u00e7\u00f5es, mensagens ou at\u00e9 um simples h\u00e1bito de abrir o feed sem motivo \u2013 roubavam minha aten\u00e7\u00e3o e eu me sentia entediada o tempo todo.<\/span><\/p>\n<h6><span style=\"font-family: arial, helvetica, sans-serif; color: #000000;\">Perda de criatividade<\/span><\/h6>\n<p><span style=\"font-family: arial, helvetica, sans-serif; color: #000000;\">Percebi que meu pensamento cr\u00edtico estava sendo enfraquecido. Como estava consumindo muitas id\u00e9ias prontas de outras pessoas, comecei a perder a capacidade de refletir por mim mesma. Parecia que minha mente estava repetindo conte\u00fados j\u00e1 existentes, em vez de criar algo novo estava simplesmente vivendo no autom\u00e1tico.<\/span><\/p>\n<h6><span style=\"font-family: arial, helvetica, sans-serif; color: #000000;\">Fadiga mental<\/span><\/h6>\n<p><span style=\"font-family: arial, helvetica, sans-serif; color: #000000;\">Essa foi exaustiva, pois mesmo depois de descansar, sentia um cansa\u00e7o persistente. N\u00e3o era f\u00edsico, mas mental. Meu c\u00e9rebro estava sobrecarregado de tanta informa\u00e7\u00e3o, como se estivesse trabalhando sem pausa por horas a fio.<\/span><\/p>\n<h6><span style=\"font-family: arial, helvetica, sans-serif; color: #000000;\">Irritabilidade e impaci\u00eancia<\/span><\/h6>\n<p><span style=\"font-family: arial, helvetica, sans-serif; color: #000000;\">A sensa\u00e7\u00e3o era de sempre estar \u2018\u2019ligada\u2019\u2019. Pequenas coisas me deixavam irritada. E a falta de foco me gerava frustra\u00e7\u00e3o. Essa impaci\u00eancia constante criava um ciclo desgastante, pois eu me cobrava produtividade, mas n\u00e3o conseguia produzi-la.<\/span><\/p>\n<p><span style=\"font-family: arial, helvetica, sans-serif; color: #000000;\">Esses sintomas foram o alerta que precisei para entender: eu precisava de um <strong>detox digital.<\/strong><\/span><\/p>\n<p>&nbsp;<\/p>\n<h3><span style=\"font-family: arial, helvetica, sans-serif; color: #000000;\">O que \u00e9 Detox Digital?<\/span><\/h3>\n<p><span style=\"font-family: arial, helvetica, sans-serif; color: #000000;\">O <strong>detox digital<\/strong> n\u00e3o significa eliminar totalmente o uso das redes ou da internet. Em vez disso, trata-se de estabelecer limites saud\u00e1veis para recuperar o equil\u00edbrio mental. \u00c9 como dar um descanso para o c\u00e9rebro, permitindo que ele respire, se reorganize e retome sua <strong>clareza.<\/strong><\/span><\/p>\n<p><span style=\"font-family: arial, helvetica, sans-serif; color: #000000;\">Assim como o corpo precisa de pausa ap\u00f3s um treino intenso, a mente tamb\u00e9m precisa de momentos livres de est\u00edmulos digitais.<\/span><\/p>\n<p><span style=\"font-family: arial, helvetica, sans-serif; color: #000000;\">Eu desativei por um m\u00eas o Instagram, pois era a rede social que eu era mais viciada. Se voc\u00ea estiver em um ponto onde n\u00e3o consegue se controlar recomendo que fique sem a rede social da qual voc\u00ea \u00e9 mais viciada(o) por pelo menos duas semanas. Depois aumente o prazo para pelo menos um m\u00eas e veja os impactos ben\u00e9ficos na sua sa\u00fade mental e f\u00edsica. Mas vamos ao passo a passo do que fazer para melhorar.<\/span><\/p>\n<p>&nbsp;<\/p>\n<h3><span style=\"font-family: arial, helvetica, sans-serif; color: #000000;\">O Que Fazer Para Melhorar<\/span><\/h3>\n<p><span style=\"font-family: arial, helvetica, sans-serif; color: #000000;\">Felizmente, \u00e9 poss\u00edvel reverter esse quadro. O processo n\u00e3o \u00e9 imediato, mas traz resultados consistentes quando praticado com disciplina e consci\u00eancia.<\/span><\/p>\n<ol>\n<li>\n<h6><span style=\"font-family: arial, helvetica, sans-serif; color: #000000;\"><strong>Estabelecer limites de uso<\/strong><\/span><\/h6>\n<\/li>\n<\/ol>\n<p><span style=\"font-family: arial, helvetica, sans-serif; color: #000000;\">Defina hor\u00e1rios espec\u00edficos para acessar redes sociais e respeite-os. Um truque simples \u00e9 usar o cronometro do celular para limitar o tempo de tela.<\/span><\/p>\n<ol start=\"2\">\n<li>\n<h6><span style=\"font-family: arial, helvetica, sans-serif; color: #000000;\"><strong>Silenciar notifica\u00e7\u00f5es<\/strong><\/span><\/h6>\n<\/li>\n<\/ol>\n<p><span style=\"font-family: arial, helvetica, sans-serif; color: #000000;\">Grande parte da distra\u00e7\u00e3o vem das notifica\u00e7\u00f5es. Desative aquelas que n\u00e3o s\u00e3o realmente importantes. Isso diminui o impulso de verificar a cada minuto.<\/span><\/p>\n<ol start=\"3\">\n<li>\n<h6><span style=\"font-family: arial, helvetica, sans-serif; color: #000000;\"><strong>Praticar o \u2018\u2019tempo off-line\u2019\u2019<\/strong><\/span><\/h6>\n<\/li>\n<\/ol>\n<p><span style=\"font-family: arial, helvetica, sans-serif; color: #000000;\">Reserve momentos do dia totalmente livres de telas. Pode ser durante as refei\u00e7\u00f5es, ao acordar, ou antes, de dormir. Esses per\u00edodos ajudam a acalmar a mente.<\/span><\/p>\n<ol start=\"4\">\n<li>\n<h6><span style=\"font-family: arial, helvetica, sans-serif; color: #000000;\"><strong>Trocar consumo por cria\u00e7\u00e3o<\/strong><\/span><\/h6>\n<\/li>\n<\/ol>\n<p><span style=\"font-family: arial, helvetica, sans-serif; color: #000000;\">Em vez de passar horas apenas absorvendo conte\u00fado, experimente criar: escreva, leia um livro, conte\u00fados que te ajudam a se <a href=\"https:\/\/meuvalor.org\/?p=303\">desenvolver<\/a>, desenhe, fa\u00e7a exerc\u00edcios ou cozinhe. Atividades criativas estimulam o c\u00e9rebro de forma saud\u00e1vel.<\/span><\/p>\n<ol start=\"5\">\n<li>\n<h6><span style=\"font-family: arial, helvetica, sans-serif; color: #000000;\"><strong>Priorizar atividades ao ar livre<\/strong><\/span><\/h6>\n<\/li>\n<\/ol>\n<p><span style=\"font-family: arial, helvetica, sans-serif; color: #000000;\">Passeios, caminhadas e contato com a natureza ajudam a desconectar e recarregar a mente. Mesmo 15 minutos por dia j\u00e1 fazem diferen\u00e7a.<\/span><\/p>\n<p>&nbsp;<\/p>\n<h3><span style=\"font-family: arial, helvetica, sans-serif; color: #000000;\"><strong>Como Evitar Chegar a Esse ponto Novamente<\/strong><\/span><\/h3>\n<p><span style=\"font-family: arial, helvetica, sans-serif; color: #000000;\">Depois de passar por essa experi\u00eancia, entendi que o segredo est\u00e1 no <strong>equil\u00edbrio. <\/strong>Por tanto, n\u00e3o precisamos eliminar totalmente a tecnologia \u2013 at\u00e9 porque ela faz parte da vida moderna. O que precisamos \u00e9 us\u00e1-la de forma consciente.<\/span><\/p>\n<ul>\n<li><span style=\"font-family: arial, helvetica, sans-serif; color: #000000;\"><strong>Reavalie suas redes sociais<\/strong>: siga apenas perfis que realmente agregam valor.<\/span><\/li>\n<li><span style=\"font-family: arial, helvetica, sans-serif; color: #000000;\"><strong>Pratique o consumo intencional: <\/strong>entre nas plataformas j\u00e1 sabendo o que procurar, em vez de rolar sem rumo.<\/span><\/li>\n<li><span style=\"font-family: arial, helvetica, sans-serif; color: #000000;\"><strong>Desconecte-se para reconectar-se<\/strong>: lembre-se de que a vida real est\u00e1 fora da tela, com pessoas, experi\u00eancias e momentos que n\u00e3o podem ser substitu\u00eddos.<\/span><\/li>\n<\/ul>\n<p><!--StartFragment --><span style=\"font-family: arial, helvetica, sans-serif; color: #000000;\"><span class=\"cf0\">O <\/span><span class=\"cf1\">Brain Rot <\/span><span class=\"cf0\">\u00e9 o reflexo direto da nossa era <\/span><span class=\"cf0\">hiperconectada<\/span><span class=\"cf0\">. Assim, quando ignoramos os sinais do <\/span><span class=\"cf0\">corpo<\/span><span class=\"cf0\"> e da mente, acabamos inevitavelmente esgotados e sem clareza. No entanto, a boa <\/span><span class=\"cf0\">not\u00edcia<\/span><span class=\"cf0\"> \u00e9 que existe um caminho poss\u00edvel para mudar essa realidade.<\/span><\/span><!--EndFragment --><\/p>\n<p><!--StartFragment --><span style=\"color: #000000; font-family: arial, helvetica, sans-serif;\"><span class=\"cf0\">Nesse sentido, o <\/span><span class=\"cf1\">detox digital<\/span><span class=\"cf0\"> foi a minha forma de retomar o controle, recuperar a concentra\u00e7\u00e3o e, ao mesmo tempo, me reconectar com quem realmente sou, hoje, compreendo que n\u00e3o preciso estar o tempo todo online para me sentir presente no mundo. Pelo contr\u00e1rio, quanto mais cuido do meu tempo longe das telas, mais clareza, criatividade e bem-estar eu conquisto.<\/span><\/span><!--EndFragment --><\/p>\n<p><span style=\"font-family: arial, helvetica, sans-serif; color: #000000;\">Se voc\u00ea tamb\u00e9m sente que sua mente est\u00e1 sobrecarregada, talvez seja hora de repensar a rela\u00e7\u00e3o com o digital. Portanto, a verdadeira liberdade come\u00e7a quando conseguimos <strong>escolher o que realmente queremos dar aten\u00e7\u00e3o.<\/strong><\/span><\/p>\n<p>&nbsp;<\/p>\n<p>&nbsp;<\/p>\n","protected":false},"excerpt":{"rendered":"<p>Vivemos em uma era em que a tecnologia faz parte de praticamente todos os aspectos da nossa rotina e n\u00e3o [&hellip;]<\/p>\n","protected":false},"author":1,"featured_media":311,"comment_status":"open","ping_status":"open","sticky":false,"template":"","format":"standard","meta":{"site-sidebar-layout":"default","site-content-layout":"","ast-site-content-layout":"default","site-content-style":"default","site-sidebar-style":"default","ast-global-header-display":"","ast-banner-title-visibility":"","ast-main-header-display":"","ast-hfb-above-header-display":"","ast-hfb-below-header-display":"","ast-hfb-mobile-header-display":"","site-post-title":"","ast-breadcrumbs-content":"","ast-featured-img":"","footer-sml-layout":"","ast-disable-related-posts":"","theme-transparent-header-meta":"default","adv-header-id-meta":"","stick-header-meta":"","header-above-stick-meta":"","header-main-stick-meta":"","header-below-stick-meta":"","astra-migrate-meta-layouts":"set","ast-page-background-enabled":"default","ast-page-background-meta":{"desktop":{"background-color":"var(--ast-global-color-5)","background-image":"","background-repeat":"repeat","background-position":"center center","background-size":"auto","background-attachment":"scroll","background-type":"","background-media":"","overlay-type":"","overlay-color":"","overlay-opacity":"","overlay-gradient":""},"tablet":{"background-color":"","background-image":"","background-repeat":"repeat","background-position":"center center","background-size":"auto","background-attachment":"scroll","background-type":"","background-media":"","overlay-type":"","overlay-color":"","overlay-opacity":"","overlay-gradient":""},"mobile":{"background-color":"","background-image":"","background-repeat":"repeat","background-position":"center center","background-size":"auto","background-attachment":"scroll","background-type":"","background-media":"","overlay-type":"","overlay-color":"","overlay-opacity":"","overlay-gradient":""}},"ast-content-background-meta":{"desktop":{"background-color":"var(--ast-global-color-4)","background-image":"","background-repeat":"repeat","background-position":"center center","background-size":"auto","background-attachment":"scroll","background-type":"","background-media":"","overlay-type":"","overlay-color":"","overlay-opacity":"","overlay-gradient":""},"tablet":{"background-color":"var(--ast-global-color-4)","background-image":"","background-repeat":"repeat","background-position":"center center","background-size":"auto","background-attachment":"scroll","background-type":"","background-media":"","overlay-type":"","overlay-color":"","overlay-opacity":"","overlay-gradient":""},"mobile":{"background-color":"var(--ast-global-color-4)","background-image":"","background-repeat":"repeat","background-position":"center center","background-size":"auto","background-attachment":"scroll","background-type":"","background-media":"","overlay-type":"","overlay-color":"","overlay-opacity":"","overlay-gradient":""}},"footnotes":""},"categories":[3,1],"tags":[33,34,35,32],"class_list":["post-310","post","type-post","status-publish","format-standard","has-post-thumbnail","hentry","category-desenvolvimento-pessoal","category-sem-categoria","tag-brain-rot","tag-burnout-mental","tag-saude","tag-saude-mental"],"yoast_head":"<!-- This site is optimized with the Yoast SEO plugin v27.4 - https:\/\/yoast.com\/product\/yoast-seo-wordpress\/ -->\n<title>Como o Uso Excessivo das Redes Sociais Afeta Sua Mente - Meu Valor<\/title>\n<meta name=\"description\" content=\"Descubra como o uso excessivo das redes sociais afeta sua mente. Voc\u00ea sabe o que \u00e9 BRAIN ROT e seu impacto na sa\u00fade mental?\" \/>\n<meta name=\"robots\" content=\"index, follow, max-snippet:-1, max-image-preview:large, max-video-preview:-1\" \/>\n<link rel=\"canonical\" href=\"https:\/\/meuvalor.org\/?p=310\" \/>\n<meta property=\"og:locale\" content=\"pt_BR\" \/>\n<meta property=\"og:type\" content=\"article\" \/>\n<meta property=\"og:title\" content=\"Como o Uso Excessivo das Redes Sociais Afeta Sua Mente - Meu Valor\" \/>\n<meta property=\"og:description\" content=\"Descubra como o uso excessivo das redes sociais afeta sua mente. Voc\u00ea sabe o que \u00e9 BRAIN ROT e seu impacto na sa\u00fade mental?\" \/>\n<meta property=\"og:url\" content=\"https:\/\/meuvalor.org\/?p=310\" \/>\n<meta property=\"og:site_name\" content=\"Meu Valor\" \/>\n<meta property=\"article:published_time\" content=\"2025-09-11T02:26:21+00:00\" \/>\n<meta property=\"article:modified_time\" content=\"2025-09-19T14:27:57+00:00\" \/>\n<meta property=\"og:image\" content=\"https:\/\/meuvalor.org\/wp-content\/uploads\/2025\/09\/conceito-de-pessoa-que-sofre-de-ciberdoenca-e-dependencia-de-tecnologia-scaled.jpg\" \/>\n\t<meta property=\"og:image:width\" content=\"2560\" \/>\n\t<meta property=\"og:image:height\" content=\"1707\" \/>\n\t<meta property=\"og:image:type\" content=\"image\/jpeg\" \/>\n<meta name=\"author\" content=\"Gabriela\" \/>\n<meta name=\"twitter:card\" content=\"summary_large_image\" \/>\n<meta name=\"twitter:label1\" content=\"Escrito por\" \/>\n\t<meta name=\"twitter:data1\" content=\"Gabriela\" \/>\n\t<meta name=\"twitter:label2\" content=\"Est. tempo de leitura\" \/>\n\t<meta name=\"twitter:data2\" content=\"7 minutos\" \/>\n<script type=\"application\/ld+json\" class=\"yoast-schema-graph\">{\"@context\":\"https:\\\/\\\/schema.org\",\"@graph\":[{\"@type\":\"Article\",\"@id\":\"https:\\\/\\\/meuvalor.org\\\/?p=310#article\",\"isPartOf\":{\"@id\":\"https:\\\/\\\/meuvalor.org\\\/?p=310\"},\"author\":{\"name\":\"Gabriela\",\"@id\":\"https:\\\/\\\/meuvalor.org\\\/#\\\/schema\\\/person\\\/db185651e659b0450ad8d279d24955da\"},\"headline\":\"Como o Uso Excessivo das Redes Sociais Afeta Sua Mente\",\"datePublished\":\"2025-09-11T02:26:21+00:00\",\"dateModified\":\"2025-09-19T14:27:57+00:00\",\"mainEntityOfPage\":{\"@id\":\"https:\\\/\\\/meuvalor.org\\\/?p=310\"},\"wordCount\":1146,\"commentCount\":5,\"publisher\":{\"@id\":\"https:\\\/\\\/meuvalor.org\\\/#\\\/schema\\\/person\\\/db185651e659b0450ad8d279d24955da\"},\"image\":{\"@id\":\"https:\\\/\\\/meuvalor.org\\\/?p=310#primaryimage\"},\"thumbnailUrl\":\"https:\\\/\\\/meuvalor.org\\\/wp-content\\\/uploads\\\/2025\\\/09\\\/conceito-de-pessoa-que-sofre-de-ciberdoenca-e-dependencia-de-tecnologia-scaled.jpg\",\"keywords\":[\"brain rot\",\"burnout mental\",\"sa\u00fade\",\"Sa\u00fade mental\"],\"articleSection\":[\"Desenvolvimento Pessoal\"],\"inLanguage\":\"pt-BR\",\"potentialAction\":[{\"@type\":\"CommentAction\",\"name\":\"Comment\",\"target\":[\"https:\\\/\\\/meuvalor.org\\\/?p=310#respond\"]}]},{\"@type\":\"WebPage\",\"@id\":\"https:\\\/\\\/meuvalor.org\\\/?p=310\",\"url\":\"https:\\\/\\\/meuvalor.org\\\/?p=310\",\"name\":\"Como o Uso Excessivo das Redes Sociais Afeta Sua Mente - Meu Valor\",\"isPartOf\":{\"@id\":\"https:\\\/\\\/meuvalor.org\\\/#website\"},\"primaryImageOfPage\":{\"@id\":\"https:\\\/\\\/meuvalor.org\\\/?p=310#primaryimage\"},\"image\":{\"@id\":\"https:\\\/\\\/meuvalor.org\\\/?p=310#primaryimage\"},\"thumbnailUrl\":\"https:\\\/\\\/meuvalor.org\\\/wp-content\\\/uploads\\\/2025\\\/09\\\/conceito-de-pessoa-que-sofre-de-ciberdoenca-e-dependencia-de-tecnologia-scaled.jpg\",\"datePublished\":\"2025-09-11T02:26:21+00:00\",\"dateModified\":\"2025-09-19T14:27:57+00:00\",\"description\":\"Descubra como o uso excessivo das redes sociais afeta sua mente. Voc\u00ea sabe o que \u00e9 BRAIN ROT e seu impacto na sa\u00fade mental?\",\"breadcrumb\":{\"@id\":\"https:\\\/\\\/meuvalor.org\\\/?p=310#breadcrumb\"},\"inLanguage\":\"pt-BR\",\"potentialAction\":[{\"@type\":\"ReadAction\",\"target\":[\"https:\\\/\\\/meuvalor.org\\\/?p=310\"]}]},{\"@type\":\"ImageObject\",\"inLanguage\":\"pt-BR\",\"@id\":\"https:\\\/\\\/meuvalor.org\\\/?p=310#primaryimage\",\"url\":\"https:\\\/\\\/meuvalor.org\\\/wp-content\\\/uploads\\\/2025\\\/09\\\/conceito-de-pessoa-que-sofre-de-ciberdoenca-e-dependencia-de-tecnologia-scaled.jpg\",\"contentUrl\":\"https:\\\/\\\/meuvalor.org\\\/wp-content\\\/uploads\\\/2025\\\/09\\\/conceito-de-pessoa-que-sofre-de-ciberdoenca-e-dependencia-de-tecnologia-scaled.jpg\",\"width\":2560,\"height\":1707},{\"@type\":\"BreadcrumbList\",\"@id\":\"https:\\\/\\\/meuvalor.org\\\/?p=310#breadcrumb\",\"itemListElement\":[{\"@type\":\"ListItem\",\"position\":1,\"name\":\"In\u00edcio\",\"item\":\"https:\\\/\\\/meuvalor.org\\\/\"},{\"@type\":\"ListItem\",\"position\":2,\"name\":\"Como o Uso Excessivo das Redes Sociais Afeta Sua Mente\"}]},{\"@type\":\"WebSite\",\"@id\":\"https:\\\/\\\/meuvalor.org\\\/#website\",\"url\":\"https:\\\/\\\/meuvalor.org\\\/\",\"name\":\"Meu Valor\",\"description\":\"\",\"publisher\":{\"@id\":\"https:\\\/\\\/meuvalor.org\\\/#\\\/schema\\\/person\\\/db185651e659b0450ad8d279d24955da\"},\"potentialAction\":[{\"@type\":\"SearchAction\",\"target\":{\"@type\":\"EntryPoint\",\"urlTemplate\":\"https:\\\/\\\/meuvalor.org\\\/?s={search_term_string}\"},\"query-input\":{\"@type\":\"PropertyValueSpecification\",\"valueRequired\":true,\"valueName\":\"search_term_string\"}}],\"inLanguage\":\"pt-BR\"},{\"@type\":[\"Person\",\"Organization\"],\"@id\":\"https:\\\/\\\/meuvalor.org\\\/#\\\/schema\\\/person\\\/db185651e659b0450ad8d279d24955da\",\"name\":\"Gabriela\",\"image\":{\"@type\":\"ImageObject\",\"inLanguage\":\"pt-BR\",\"@id\":\"https:\\\/\\\/meuvalor.org\\\/wp-content\\\/litespeed\\\/avatar\\\/a20d76d9311ccc3585a6527242099d52.jpg?ver=1776976598\",\"url\":\"https:\\\/\\\/meuvalor.org\\\/wp-content\\\/litespeed\\\/avatar\\\/a20d76d9311ccc3585a6527242099d52.jpg?ver=1776976598\",\"contentUrl\":\"https:\\\/\\\/meuvalor.org\\\/wp-content\\\/litespeed\\\/avatar\\\/a20d76d9311ccc3585a6527242099d52.jpg?ver=1776976598\",\"caption\":\"Gabriela\"},\"logo\":{\"@id\":\"https:\\\/\\\/meuvalor.org\\\/wp-content\\\/litespeed\\\/avatar\\\/a20d76d9311ccc3585a6527242099d52.jpg?ver=1776976598\"},\"sameAs\":[\"https:\\\/\\\/meuvalor.org\",\"https:\\\/\\\/www.youtube.com\\\/@GabrielaCarvalhedo\"],\"url\":\"https:\\\/\\\/meuvalor.org\\\/?author=1\"}]}<\/script>\n<!-- \/ Yoast SEO plugin. -->","yoast_head_json":{"title":"Como o Uso Excessivo das Redes Sociais Afeta Sua Mente - Meu Valor","description":"Descubra como o uso excessivo das redes sociais afeta sua mente. Voc\u00ea sabe o que \u00e9 BRAIN ROT e seu impacto na sa\u00fade mental?","robots":{"index":"index","follow":"follow","max-snippet":"max-snippet:-1","max-image-preview":"max-image-preview:large","max-video-preview":"max-video-preview:-1"},"canonical":"https:\/\/meuvalor.org\/?p=310","og_locale":"pt_BR","og_type":"article","og_title":"Como o Uso Excessivo das Redes Sociais Afeta Sua Mente - Meu Valor","og_description":"Descubra como o uso excessivo das redes sociais afeta sua mente. Voc\u00ea sabe o que \u00e9 BRAIN ROT e seu impacto na sa\u00fade mental?","og_url":"https:\/\/meuvalor.org\/?p=310","og_site_name":"Meu Valor","article_published_time":"2025-09-11T02:26:21+00:00","article_modified_time":"2025-09-19T14:27:57+00:00","og_image":[{"width":2560,"height":1707,"url":"https:\/\/meuvalor.org\/wp-content\/uploads\/2025\/09\/conceito-de-pessoa-que-sofre-de-ciberdoenca-e-dependencia-de-tecnologia-scaled.jpg","type":"image\/jpeg"}],"author":"Gabriela","twitter_card":"summary_large_image","twitter_misc":{"Escrito por":"Gabriela","Est. tempo de leitura":"7 minutos"},"schema":{"@context":"https:\/\/schema.org","@graph":[{"@type":"Article","@id":"https:\/\/meuvalor.org\/?p=310#article","isPartOf":{"@id":"https:\/\/meuvalor.org\/?p=310"},"author":{"name":"Gabriela","@id":"https:\/\/meuvalor.org\/#\/schema\/person\/db185651e659b0450ad8d279d24955da"},"headline":"Como o Uso Excessivo das Redes Sociais Afeta Sua Mente","datePublished":"2025-09-11T02:26:21+00:00","dateModified":"2025-09-19T14:27:57+00:00","mainEntityOfPage":{"@id":"https:\/\/meuvalor.org\/?p=310"},"wordCount":1146,"commentCount":5,"publisher":{"@id":"https:\/\/meuvalor.org\/#\/schema\/person\/db185651e659b0450ad8d279d24955da"},"image":{"@id":"https:\/\/meuvalor.org\/?p=310#primaryimage"},"thumbnailUrl":"https:\/\/meuvalor.org\/wp-content\/uploads\/2025\/09\/conceito-de-pessoa-que-sofre-de-ciberdoenca-e-dependencia-de-tecnologia-scaled.jpg","keywords":["brain rot","burnout mental","sa\u00fade","Sa\u00fade mental"],"articleSection":["Desenvolvimento Pessoal"],"inLanguage":"pt-BR","potentialAction":[{"@type":"CommentAction","name":"Comment","target":["https:\/\/meuvalor.org\/?p=310#respond"]}]},{"@type":"WebPage","@id":"https:\/\/meuvalor.org\/?p=310","url":"https:\/\/meuvalor.org\/?p=310","name":"Como o Uso Excessivo das Redes Sociais Afeta Sua Mente - Meu Valor","isPartOf":{"@id":"https:\/\/meuvalor.org\/#website"},"primaryImageOfPage":{"@id":"https:\/\/meuvalor.org\/?p=310#primaryimage"},"image":{"@id":"https:\/\/meuvalor.org\/?p=310#primaryimage"},"thumbnailUrl":"https:\/\/meuvalor.org\/wp-content\/uploads\/2025\/09\/conceito-de-pessoa-que-sofre-de-ciberdoenca-e-dependencia-de-tecnologia-scaled.jpg","datePublished":"2025-09-11T02:26:21+00:00","dateModified":"2025-09-19T14:27:57+00:00","description":"Descubra como o uso excessivo das redes sociais afeta sua mente. Voc\u00ea sabe o que \u00e9 BRAIN ROT e seu impacto na sa\u00fade mental?","breadcrumb":{"@id":"https:\/\/meuvalor.org\/?p=310#breadcrumb"},"inLanguage":"pt-BR","potentialAction":[{"@type":"ReadAction","target":["https:\/\/meuvalor.org\/?p=310"]}]},{"@type":"ImageObject","inLanguage":"pt-BR","@id":"https:\/\/meuvalor.org\/?p=310#primaryimage","url":"https:\/\/meuvalor.org\/wp-content\/uploads\/2025\/09\/conceito-de-pessoa-que-sofre-de-ciberdoenca-e-dependencia-de-tecnologia-scaled.jpg","contentUrl":"https:\/\/meuvalor.org\/wp-content\/uploads\/2025\/09\/conceito-de-pessoa-que-sofre-de-ciberdoenca-e-dependencia-de-tecnologia-scaled.jpg","width":2560,"height":1707},{"@type":"BreadcrumbList","@id":"https:\/\/meuvalor.org\/?p=310#breadcrumb","itemListElement":[{"@type":"ListItem","position":1,"name":"In\u00edcio","item":"https:\/\/meuvalor.org\/"},{"@type":"ListItem","position":2,"name":"Como o Uso Excessivo das Redes Sociais Afeta Sua Mente"}]},{"@type":"WebSite","@id":"https:\/\/meuvalor.org\/#website","url":"https:\/\/meuvalor.org\/","name":"Meu Valor","description":"","publisher":{"@id":"https:\/\/meuvalor.org\/#\/schema\/person\/db185651e659b0450ad8d279d24955da"},"potentialAction":[{"@type":"SearchAction","target":{"@type":"EntryPoint","urlTemplate":"https:\/\/meuvalor.org\/?s={search_term_string}"},"query-input":{"@type":"PropertyValueSpecification","valueRequired":true,"valueName":"search_term_string"}}],"inLanguage":"pt-BR"},{"@type":["Person","Organization"],"@id":"https:\/\/meuvalor.org\/#\/schema\/person\/db185651e659b0450ad8d279d24955da","name":"Gabriela","image":{"@type":"ImageObject","inLanguage":"pt-BR","@id":"https:\/\/meuvalor.org\/wp-content\/litespeed\/avatar\/a20d76d9311ccc3585a6527242099d52.jpg?ver=1776976598","url":"https:\/\/meuvalor.org\/wp-content\/litespeed\/avatar\/a20d76d9311ccc3585a6527242099d52.jpg?ver=1776976598","contentUrl":"https:\/\/meuvalor.org\/wp-content\/litespeed\/avatar\/a20d76d9311ccc3585a6527242099d52.jpg?ver=1776976598","caption":"Gabriela"},"logo":{"@id":"https:\/\/meuvalor.org\/wp-content\/litespeed\/avatar\/a20d76d9311ccc3585a6527242099d52.jpg?ver=1776976598"},"sameAs":["https:\/\/meuvalor.org","https:\/\/www.youtube.com\/@GabrielaCarvalhedo"],"url":"https:\/\/meuvalor.org\/?author=1"}]}},"_links":{"self":[{"href":"https:\/\/meuvalor.org\/index.php?rest_route=\/wp\/v2\/posts\/310","targetHints":{"allow":["GET"]}}],"collection":[{"href":"https:\/\/meuvalor.org\/index.php?rest_route=\/wp\/v2\/posts"}],"about":[{"href":"https:\/\/meuvalor.org\/index.php?rest_route=\/wp\/v2\/types\/post"}],"author":[{"embeddable":true,"href":"https:\/\/meuvalor.org\/index.php?rest_route=\/wp\/v2\/users\/1"}],"replies":[{"embeddable":true,"href":"https:\/\/meuvalor.org\/index.php?rest_route=%2Fwp%2Fv2%2Fcomments&post=310"}],"version-history":[{"count":4,"href":"https:\/\/meuvalor.org\/index.php?rest_route=\/wp\/v2\/posts\/310\/revisions"}],"predecessor-version":[{"id":314,"href":"https:\/\/meuvalor.org\/index.php?rest_route=\/wp\/v2\/posts\/310\/revisions\/314"}],"wp:featuredmedia":[{"embeddable":true,"href":"https:\/\/meuvalor.org\/index.php?rest_route=\/wp\/v2\/media\/311"}],"wp:attachment":[{"href":"https:\/\/meuvalor.org\/index.php?rest_route=%2Fwp%2Fv2%2Fmedia&parent=310"}],"wp:term":[{"taxonomy":"category","embeddable":true,"href":"https:\/\/meuvalor.org\/index.php?rest_route=%2Fwp%2Fv2%2Fcategories&post=310"},{"taxonomy":"post_tag","embeddable":true,"href":"https:\/\/meuvalor.org\/index.php?rest_route=%2Fwp%2Fv2%2Ftags&post=310"}],"curies":[{"name":"wp","href":"https:\/\/api.w.org\/{rel}","templated":true}]}}