{"id":382,"date":"2025-11-14T15:38:59","date_gmt":"2025-11-14T18:38:59","guid":{"rendered":"https:\/\/meuvalor.org\/?p=382"},"modified":"2025-11-17T09:51:59","modified_gmt":"2025-11-17T12:51:59","slug":"vitimismo-e-autoestima","status":"publish","type":"post","link":"https:\/\/meuvalor.org\/?p=382","title":{"rendered":"Vitimismo e Autoestima"},"content":{"rendered":"<p><span style=\"font-family: arial, helvetica, sans-serif;\">Em algum momento da vida, todos n\u00f3s j\u00e1 nos sentimos presos em situa\u00e7\u00f5es que drenam nossa energia e nos esgotam emocionalmente \u2013 amizades que cobram demais ou vira competi\u00e7\u00e3o, relacionamento amoroso que machuca e que vem cheios de cobran\u00e7as, ou din\u00e2micas familiares que nos fazem sentir pequenos e sempre \u2018\u2019errados\u2019\u2019 em todos os contextos.<\/span><\/p>\n<p><span style=\"font-family: arial, helvetica, sans-serif;\">O problema \u00e9 que, muitas vezes, sem perceber, <strong>entramos no papel de v\u00edtima <\/strong>e isso pode at\u00e9 parecer confort\u00e1vel por um tempo \u2013 afinal, sempre h\u00e1 algu\u00e9m ou algo para culpar. Mas, com o passar dos dias, essa postura come\u00e7a a nos sufocar. Ficamos presos em hist\u00f3rias repetidas, perdemos o brilho pessoal, viver se torna um fardo e esquecemos de olhar para dentro.<\/span><\/p>\n<p><img loading=\"lazy\" decoding=\"async\" class=\"alignnone wp-image-392\" src=\"https:\/\/meuvalor.org\/wp-content\/uploads\/2025\/11\/celebracao-dia-da-mulher-com-flores-1-300x150.jpg\" alt=\"\" width=\"1112\" height=\"556\" srcset=\"https:\/\/meuvalor.org\/wp-content\/uploads\/2025\/11\/celebracao-dia-da-mulher-com-flores-1-300x150.jpg 300w, https:\/\/meuvalor.org\/wp-content\/uploads\/2025\/11\/celebracao-dia-da-mulher-com-flores-1-1024x512.jpg 1024w, https:\/\/meuvalor.org\/wp-content\/uploads\/2025\/11\/celebracao-dia-da-mulher-com-flores-1-768x384.jpg 768w, https:\/\/meuvalor.org\/wp-content\/uploads\/2025\/11\/celebracao-dia-da-mulher-com-flores-1-1536x768.jpg 1536w, https:\/\/meuvalor.org\/wp-content\/uploads\/2025\/11\/celebracao-dia-da-mulher-com-flores-1-2048x1024.jpg 2048w\" sizes=\"auto, (max-width: 1112px) 100vw, 1112px\" \/><\/p>\n<h3><span style=\"font-family: arial, helvetica, sans-serif;\">O que \u00e9 vitimismo e por que ele \u00e9 t\u00e3o sedutor<\/span><\/h3>\n<p><span style=\"font-family: arial, helvetica, sans-serif;\">Neste post, quero te ajudar a entender <strong>como o vitimismo nos mant\u00e9m presos em ciclos t\u00f3xicos <\/strong>\u2013 e como recuperar sua for\u00e7a interior, reconstruir sua autoestima, viver rela\u00e7\u00f5es mais leves mudando sua forma de se relacionar com o amor, a amizade e a fam\u00edlia.<\/span><\/p>\n<p><span style=\"font-family: arial, helvetica, sans-serif;\">O vitimismo \u00e9 um mecanismo de defesa: quando algo d\u00e1 errado, buscamos algu\u00e9m ou algo para culpar. \u00c9 o h\u00e1bito de enxergar a vida sob a lente da injusti\u00e7a: \u2018\u2019<em>nada d\u00e1 certo para mim\u2019\u2019, \u2018\u2019as pessoas sempre me machucam\u2019\u2019, ou \u2018\u2019ningu\u00e9m me valoriza\u2019\u2019.<\/em><\/span><\/p>\n<p><span style=\"font-family: arial, helvetica, sans-serif;\">Enquanto acreditamos que \u2018\u2019o outro precisa mudar\u2019\u2019, esquecemos que o <strong>\u00fanico comportamento que podemos transformar \u00e9 o nosso<\/strong>, e <strong>\u00e9 a nossa postura que precisa mudar<\/strong>.<\/span><\/p>\n<p><span style=\"font-family: arial, helvetica, sans-serif;\">O problema \u00e9 que esse comportamento nos impede de enxergar o quanto <strong>tamb\u00e9m participamos da din\u00e2mica<\/strong>.<\/span><\/p>\n<p><span style=\"font-family: arial, helvetica, sans-serif;\">Ser v\u00edtima d\u00e1 uma falsa sensa\u00e7\u00e3o de conforto, mas rouba o poder de agir.<\/span><\/p>\n<p><span style=\"font-family: arial, helvetica, sans-serif;\">O vitimismo \u00e9 uma pris\u00e3o emocional silenciosa. E s\u00f3 existe uma chave capaz de libertar: <strong>\u00a0a autorresponsabilidade<\/strong>.<\/span><\/p>\n<p><span style=\"font-family: arial, helvetica, sans-serif;\"><em>Assumir responsabilidade n\u00e3o \u00e9 se culpar \u2013 \u00e9 se libertar. \u00c9 recuperar o poder de conduzir a pr\u00f3pria vida.<\/em><\/span><\/p>\n<h3><span style=\"font-family: arial, helvetica, sans-serif;\">Como o vitimismo alimenta relacionamentos t\u00f3xicos<\/span><\/h3>\n<p><span style=\"font-family: arial, helvetica, sans-serif;\">Pessoas que vivem no vitimismo acabam atraindo ou se mantendo pr\u00f3ximas de quem refor\u00e7a essa posi\u00e7\u00e3o. <\/span><\/p>\n<p><span style=\"font-family: arial, helvetica, sans-serif;\">Em relacionamentos amorosos, isso pode aparecer como depend\u00eancia emocional, justificando comportamentos abusivos como \u2018\u2019o medo de ficar s\u00f3\u2019 ou \u2018\u2019que ningu\u00e9m \u00e9 perfeito\u2019\u2019. E, pouco a pouco, abrimos m\u00e3o dos nossos limites.<\/span><\/p>\n<p><span style=\"font-family: arial, helvetica, sans-serif;\">Nas amizades se manifestam com reclama\u00e7\u00f5es constantes, compara\u00e7\u00f5es e competi\u00e7\u00f5es. Rela\u00e7\u00f5es assim drenam energia, geram inseguran\u00e7as e afastam voc\u00ea da sua verdadeira ess\u00eancia.<\/span><\/p>\n<p><span style=\"font-family: arial, helvetica, sans-serif;\">E na fam\u00edlia, pode se manifestar em pap\u00e9is fixos: o \u2018\u2019sofredor\u2019\u2019, o \u2018\u2019culpado\u2019\u2019, o \u2018\u2019salvador\u2019\u2019.<\/span><\/p>\n<p><span style=\"font-family: arial, helvetica, sans-serif;\">O ciclo se repete porque ambos os lados t\u00eam ganhos inconscientes: um sente que precisa ser cuidado, o outro sente que precisa salvar.<\/span><\/p>\n<p><span style=\"font-family: arial, helvetica, sans-serif;\">Mas, no fim, <strong>ningu\u00e9m evolui<\/strong>. Toda vez que voc\u00ea se anula para n\u00e3o perder algu\u00e9m, <strong>acaba perdendo a si mesmo<\/strong>.<\/span><\/p>\n<h5><span style=\"font-family: arial, helvetica, sans-serif;\">Fam\u00edlia, amizades e amor: os espelhos que revelam quem somos<\/span><\/h5>\n<p><span style=\"font-family: arial, helvetica, sans-serif;\">As rela\u00e7\u00f5es mais pr\u00f3ximas s\u00e3o os maiores espelhos do nosso interior.<\/span><\/p>\n<p><span style=\"font-family: arial, helvetica, sans-serif;\">Elas mostram n\u00e3o s\u00f3 o quanto amamos, mas tamb\u00e9m o quanto nos valorizamos.<\/span><\/p>\n<h6><span style=\"font-family: arial, helvetica, sans-serif;\">Fam\u00edlia<\/span><\/h6>\n<p><span style=\"font-family: arial, helvetica, sans-serif;\">\u00c9 onde aprendemos nossos primeiros padr\u00f5es emocionais.<\/span><\/p>\n<p><span style=\"font-family: arial, helvetica, sans-serif;\">Muitos comportamentos t\u00f3xicos que repetimos na vida adulta \u2013 como medo de rejei\u00e7\u00e3o, necessidade de aprova\u00e7\u00e3o ou dificuldade de impor limites \u2013 nasceram l\u00e1 atr\u00e1s, na inf\u00e2ncia.<\/span><\/p>\n<p><span style=\"font-family: arial, helvetica, sans-serif;\">Reconhecer isso n\u00e3o \u00e9 culpar os pais, mas <strong>compreender e curar.<\/strong><\/span><\/p>\n<h6><span style=\"font-family: arial, helvetica, sans-serif;\">Amizade<\/span><\/h6>\n<p><span style=\"font-family: arial, helvetica, sans-serif;\">Amigos refletem o que estamos vibrando.<\/span><\/p>\n<p><span style=\"font-family: arial, helvetica, sans-serif;\">Se voc\u00ea est\u00e1 em uma fase de autodescoberta, \u00e9 natural se afastar de pessoas que vivem reclamando, exigindo demais, ultrapassando seus limites pessoais, exigindo valida\u00e7\u00e3o o tempo todo ou se vitimizando. Isso n\u00e3o \u00e9 arrog\u00e2ncia \u2013 \u00e9 <strong>crescimento emocional<\/strong>.<\/span><\/p>\n<h6><span style=\"font-family: arial, helvetica, sans-serif;\">Amor<\/span><\/h6>\n<p><span style=\"font-family: arial, helvetica, sans-serif;\">Relacionamentos amorosos revelam nossas feridas mais profundas. \u00c9 no amor que testamos nossa autoestima, nossa paci\u00eancia e nossa capacidade de respeitar nossos pr\u00f3prios limites. Amar de forma madura \u00e9 entender que o outro n\u00e3o est\u00e1 aqui para preencher vazios, e nem curar nossas feridas, mas sim para somar com o que voc\u00ea j\u00e1 \u00e9.<\/span><\/p>\n<h6><span style=\"font-family: arial, helvetica, sans-serif;\">Autorresponsabiliadade<\/span><\/h6>\n<p><span style=\"font-family: arial, helvetica, sans-serif;\">Antes de falar sobre a autorresponsabilidade na cura emocional e no papel de v\u00edtima, \u00e9 importante compreender, ainda que brevemente, como funciona os relacionamentos com pessoas narcisistas \u2013 seja na fam\u00edlia, na amizade ou no amor. Esses v\u00ednculos costumam ser desgastantes, confusos e muitas vezes, invisivelmente destrutivos. No entanto, por mais duro que seja admitir, nas minhas pr\u00f3prias experi\u00eancias, percebi que<strong> \u00fanico caminho para voltar a ser voc\u00ea mesmo(a) <\/strong>\u00e9 estabelecer limites firmes e, em muitos casos se afastar definitivamente desse tipo de pessoa.<\/span><\/p>\n<p><span style=\"font-family: arial, helvetica, sans-serif;\">E aqui entra um ponto essencial: <strong>voc\u00ea tamb\u00e9m precisa se conhecer profundamente<\/strong>, identificar seus pr\u00f3prios padr\u00f5es, reconhecer suas falhas, vulnerabilidades e entender por que permaneceu em um relacionamento assim. N\u00e3o estou, de forma alguma, tirando a responsabilidade do narcisista pelos abusos que cometeu; o que quero que voc\u00ea entenda \u00e9 que, por mais que voc\u00ea tenha sido uma pessoa emp\u00e1tica, generosa ou at\u00e9 ing\u00eanua, existe uma parte da jornada que depende exclusivamente de voc\u00ea \u2013 a decis\u00e3o de sair do papel de v\u00edtima, assumir a sua responsabilidade e escolher n\u00e3o permanecer em ambientes que ferem sua sa\u00fade emocional.<\/span><\/p>\n<p><span style=\"font-family: arial, helvetica, sans-serif;\">Se quiser, posso abordar esse tema em outro post, compartilhando minhas experi\u00eancias pessoais sobre como foi o processo, como me libertei e como hoje reconhe\u00e7o os padr\u00f5es e as din\u00e2micas narcisistas \u2013 seja na fam\u00edlia, nas amizades ou nos relacionamentos amorosos. <strong>Deixe seu coment\u00e1rio<\/strong>, vou adorar compartilhar com voc\u00ea essa trajet\u00f3ria de consci\u00eancia e autoconhecimento.<\/span><\/p>\n<h3><span style=\"font-family: arial, helvetica, sans-serif;\">O papel da autorresponsabilidade na cura emocional<\/span><\/h3>\n<p><span style=\"font-family: arial, helvetica, sans-serif;\">O primeiro passo para romper o ciclo do vitimismo \u00e9 encarar a realidade com honestidade.<\/span><\/p>\n<p><span style=\"font-family: arial, helvetica, sans-serif;\">Pergunte a si mesmo:<\/span><\/p>\n<p><strong><span style=\"font-family: arial, helvetica, sans-serif;\">\u2018\u2019O que est\u00e1 sob meu controle agora?\u2019\u2019<\/span><\/strong><\/p>\n<p><span style=\"font-family: arial, helvetica, sans-serif;\">Essa pergunta simples muda tudo. Ela desloca o foco para a a\u00e7\u00e3o, <strong>voc\u00ea aceita que n\u00e3o pode controlar o que acontece, mas pode escolher como reagir<\/strong>.<\/span><\/p>\n<p><span style=\"font-family: arial, helvetica, sans-serif;\">Autorresponsabilidade \u00e9 a chave para sair do papel de v\u00edtima e entrar no papel de protagonista. \u00c9 compreender que n\u00e3o podemos mudar o passado, nem o outro \u2013 mas <strong>podemos mudar a forma como reagimos e o que escolhemos permitir<\/strong>. Saia do \u2018\u2019por que isso est\u00e1 acontecendo comigo?\u2019\u2019 e entre no \u2018\u2019o que posso aprender com isso?\u2019\u2019.<\/span><\/p>\n<p><span style=\"font-family: arial, helvetica, sans-serif;\">Essa virada de mentalidade \u00e9 libertadora \u2013 ela abre espa\u00e7o para o amor-pr\u00f3prio florescer.<\/span><\/p>\n<p><span style=\"font-family: arial, helvetica, sans-serif;\"><em>Amor-pr\u00f3prio n\u00e3o \u00e9 ego\u00edsmo. \u00c9 discernimento e maturidade emocional.<\/em><\/span><\/p>\n<h3><span style=\"font-family: arial, helvetica, sans-serif;\">Como se libertar do vitimismo e fortalecer sua autoestima<\/span><\/h3>\n<ol>\n<li><span style=\"font-family: arial, helvetica, sans-serif;\"><strong>Reconhe\u00e7a seus padr\u00f5es emocionais<\/strong><\/span><\/li>\n<\/ol>\n<p><span style=\"font-family: arial, helvetica, sans-serif;\">Observe suas rea\u00e7\u00f5es. Voc\u00ea costuma se colocar como o injusti\u00e7ado(a) ? Sente que precisa de valida\u00e7\u00e3o o tempo todo? Perceber \u00e9 o primeiro passo para mudar.<\/span><\/p>\n<ol start=\"2\">\n<li><span style=\"font-family: arial, helvetica, sans-serif;\"><strong>Assuma a responsabilidade pelos seus sentimentos<\/strong><\/span><\/li>\n<\/ol>\n<p><span style=\"font-family: arial, helvetica, sans-serif;\">O outro pode te afetar, mas <strong>a forma como voc\u00ea reage \u00e9 sua escolha<\/strong>. Ningu\u00e9m tem o poder de roubar sua paz se voc\u00ea n\u00e3o permitir.<\/span><\/p>\n<ol start=\"3\">\n<li><span style=\"font-family: arial, helvetica, sans-serif;\"><strong>Aprenda a <a href=\"https:\/\/meuvalor.org\/?p=184\">dizer n\u00e3o<\/a><\/strong><\/span><\/li>\n<\/ol>\n<p><span style=\"font-family: arial, helvetica, sans-serif;\">Dizer n\u00e3o, n\u00e3o \u00e9 ser rude \u2013 \u00e9 se proteger. Relacionamentos saud\u00e1veis exigem limites claros e respeito m\u00fatuo.<\/span><\/p>\n<ol start=\"4\">\n<li><span style=\"font-family: arial, helvetica, sans-serif;\"><strong>Fortale\u00e7a sua autoestima<\/strong><\/span><\/li>\n<\/ol>\n<p><span style=\"font-family: arial, helvetica, sans-serif;\">Cuide de voc\u00ea: corpo, mente, espiritualidade e finan\u00e7as. O autocuidado \u00e9 o primeiro sinal de amor pr\u00f3prio.<\/span><\/p>\n<ol start=\"5\">\n<li><span style=\"font-family: arial, helvetica, sans-serif;\"><strong>Aproxime-se de pessoas que te inspiram<\/strong><\/span><\/li>\n<\/ol>\n<p><span style=\"font-family: arial, helvetica, sans-serif;\">Amizades saud\u00e1veis que te impulsionam, te fazem crescer e celebram suas vit\u00f3rias.<\/span><\/p>\n<h3><span style=\"font-family: arial, helvetica, sans-serif;\">Os relacionamentos depois do vitimismo<\/span><\/h3>\n<p><span style=\"font-family: arial, helvetica, sans-serif;\">Quando voc\u00ea se cura da necessidade de se vitimizar, descobre uma forma de se relacionar mais leve. Relacionamentos sem cobran\u00e7as, sem medo e sem depend\u00eancia. Voc\u00ea aprende a se relacionar e a amar sem perder sua identidade, e a permitir que o outro seja livre para ser quem \u00e9.<\/span><\/p>\n<p><span style=\"font-family: arial, helvetica, sans-serif;\">Amar, depois da cura, \u00e9 entender que o amor n\u00e3o \u00e9 uma pris\u00e3o, e sim um espa\u00e7o seguro para crescer.<\/span><\/p>\n<p><span style=\"font-family: arial, helvetica, sans-serif;\">O vitimismo \u00e9 uma armadilha emocional que nos prende a situa\u00e7\u00f5es e pessoas que n\u00e3o nos fazem bem. Mas a boa not\u00edcia \u00e9 que voc\u00ea pode sair desse ciclo a qualquer momento.<\/span><\/p>\n<p><span style=\"font-family: arial, helvetica, sans-serif;\">Tudo come\u00e7a quando voc\u00ea escolhe olhar para dentro, assumir a responsabilidade pelas pr\u00f3prias emo\u00e7\u00f5es e reconstruir o amor-pr\u00f3prio.<\/span><\/p>\n<p><span style=\"font-family: arial, helvetica, sans-serif;\">A vida muda quando voc\u00ea para de apontar o dedo para fora e come\u00e7a a se transformar por dentro. Voc\u00ea n\u00e3o controla o que os outros fazem, mas pode decidir <strong>como quer se sentir, como quer reagir e com quem quer compartilhar sua energia e seu tempo de vida aqui na terra<\/strong>.<\/span><\/p>\n<p><span style=\"font-family: arial, helvetica, sans-serif;\">Gostou do conte\u00fado? Compartilhe esse post com algu\u00e9m que precisa ler isso e me conta: <strong>qual padr\u00e3o emocional voc\u00ea est\u00e1 pronto(a) para deixar para tr\u00e1s<\/strong>?<\/span><\/p>\n","protected":false},"excerpt":{"rendered":"<p>Em algum momento da vida, todos n\u00f3s j\u00e1 nos sentimos presos em situa\u00e7\u00f5es que drenam nossa energia e nos esgotam [&hellip;]<\/p>\n","protected":false},"author":1,"featured_media":392,"comment_status":"open","ping_status":"open","sticky":false,"template":"","format":"standard","meta":{"site-sidebar-layout":"default","site-content-layout":"","ast-site-content-layout":"default","site-content-style":"default","site-sidebar-style":"default","ast-global-header-display":"","ast-banner-title-visibility":"","ast-main-header-display":"","ast-hfb-above-header-display":"","ast-hfb-below-header-display":"","ast-hfb-mobile-header-display":"","site-post-title":"","ast-breadcrumbs-content":"","ast-featured-img":"","footer-sml-layout":"","ast-disable-related-posts":"","theme-transparent-header-meta":"default","adv-header-id-meta":"","stick-header-meta":"","header-above-stick-meta":"","header-main-stick-meta":"","header-below-stick-meta":"","astra-migrate-meta-layouts":"set","ast-page-background-enabled":"default","ast-page-background-meta":{"desktop":{"background-color":"var(--ast-global-color-5)","background-image":"","background-repeat":"repeat","background-position":"center center","background-size":"auto","background-attachment":"scroll","background-type":"","background-media":"","overlay-type":"","overlay-color":"","overlay-opacity":"","overlay-gradient":""},"tablet":{"background-color":"","background-image":"","background-repeat":"repeat","background-position":"center center","background-size":"auto","background-attachment":"scroll","background-type":"","background-media":"","overlay-type":"","overlay-color":"","overlay-opacity":"","overlay-gradient":""},"mobile":{"background-color":"","background-image":"","background-repeat":"repeat","background-position":"center center","background-size":"auto","background-attachment":"scroll","background-type":"","background-media":"","overlay-type":"","overlay-color":"","overlay-opacity":"","overlay-gradient":""}},"ast-content-background-meta":{"desktop":{"background-color":"var(--ast-global-color-4)","background-image":"","background-repeat":"repeat","background-position":"center center","background-size":"auto","background-attachment":"scroll","background-type":"","background-media":"","overlay-type":"","overlay-color":"","overlay-opacity":"","overlay-gradient":""},"tablet":{"background-color":"var(--ast-global-color-4)","background-image":"","background-repeat":"repeat","background-position":"center center","background-size":"auto","background-attachment":"scroll","background-type":"","background-media":"","overlay-type":"","overlay-color":"","overlay-opacity":"","overlay-gradient":""},"mobile":{"background-color":"var(--ast-global-color-4)","background-image":"","background-repeat":"repeat","background-position":"center center","background-size":"auto","background-attachment":"scroll","background-type":"","background-media":"","overlay-type":"","overlay-color":"","overlay-opacity":"","overlay-gradient":""}},"footnotes":""},"categories":[3,1],"tags":[46,22,47,45],"class_list":["post-382","post","type-post","status-publish","format-standard","has-post-thumbnail","hentry","category-desenvolvimento-pessoal","category-sem-categoria","tag-amor-proprio","tag-autoestima","tag-relacionamento-toxico","tag-vitimismo"],"yoast_head":"<!-- This site is optimized with the Yoast SEO plugin v27.4 - https:\/\/yoast.com\/product\/yoast-seo-wordpress\/ -->\n<title>Vitimismo e Autoestima - Meu Valor<\/title>\n<meta name=\"description\" content=\"Descubra como o vitimismo e os relacionamentos t\u00f3xicos impactam sua autoestima, suas amizades e sua vida familiar. Recuperar sua autoestima.\" \/>\n<meta name=\"robots\" content=\"index, follow, max-snippet:-1, max-image-preview:large, max-video-preview:-1\" \/>\n<link rel=\"canonical\" href=\"https:\/\/meuvalor.org\/?p=382\" \/>\n<meta property=\"og:locale\" content=\"pt_BR\" \/>\n<meta property=\"og:type\" content=\"article\" \/>\n<meta property=\"og:title\" content=\"Vitimismo e Autoestima - Meu Valor\" \/>\n<meta property=\"og:description\" content=\"Descubra como o vitimismo e os relacionamentos t\u00f3xicos impactam sua autoestima, suas amizades e sua vida familiar. Recuperar sua autoestima.\" \/>\n<meta property=\"og:url\" content=\"https:\/\/meuvalor.org\/?p=382\" \/>\n<meta property=\"og:site_name\" content=\"Meu Valor\" \/>\n<meta property=\"article:published_time\" content=\"2025-11-14T18:38:59+00:00\" \/>\n<meta property=\"article:modified_time\" content=\"2025-11-17T12:51:59+00:00\" \/>\n<meta property=\"og:image\" content=\"https:\/\/meuvalor.org\/wp-content\/uploads\/2025\/11\/celebracao-dia-da-mulher-com-flores-1-scaled.jpg\" \/>\n\t<meta property=\"og:image:width\" content=\"2560\" \/>\n\t<meta property=\"og:image:height\" content=\"1280\" \/>\n\t<meta property=\"og:image:type\" content=\"image\/jpeg\" \/>\n<meta name=\"author\" content=\"Gabriela\" \/>\n<meta name=\"twitter:card\" content=\"summary_large_image\" \/>\n<meta name=\"twitter:label1\" content=\"Escrito por\" \/>\n\t<meta name=\"twitter:data1\" content=\"Gabriela\" \/>\n\t<meta name=\"twitter:label2\" content=\"Est. tempo de leitura\" \/>\n\t<meta name=\"twitter:data2\" content=\"8 minutos\" \/>\n<script type=\"application\/ld+json\" class=\"yoast-schema-graph\">{\"@context\":\"https:\\\/\\\/schema.org\",\"@graph\":[{\"@type\":\"Article\",\"@id\":\"https:\\\/\\\/meuvalor.org\\\/?p=382#article\",\"isPartOf\":{\"@id\":\"https:\\\/\\\/meuvalor.org\\\/?p=382\"},\"author\":{\"name\":\"Gabriela\",\"@id\":\"https:\\\/\\\/meuvalor.org\\\/#\\\/schema\\\/person\\\/db185651e659b0450ad8d279d24955da\"},\"headline\":\"Vitimismo e Autoestima\",\"datePublished\":\"2025-11-14T18:38:59+00:00\",\"dateModified\":\"2025-11-17T12:51:59+00:00\",\"mainEntityOfPage\":{\"@id\":\"https:\\\/\\\/meuvalor.org\\\/?p=382\"},\"wordCount\":1417,\"commentCount\":0,\"publisher\":{\"@id\":\"https:\\\/\\\/meuvalor.org\\\/#\\\/schema\\\/person\\\/db185651e659b0450ad8d279d24955da\"},\"image\":{\"@id\":\"https:\\\/\\\/meuvalor.org\\\/?p=382#primaryimage\"},\"thumbnailUrl\":\"https:\\\/\\\/meuvalor.org\\\/wp-content\\\/uploads\\\/2025\\\/11\\\/celebracao-dia-da-mulher-com-flores-1-scaled.jpg\",\"keywords\":[\"amor pr\u00f3prio\",\"Autoestima\",\"relacionamento t\u00f3xico\",\"Vitimismo\"],\"articleSection\":[\"Desenvolvimento Pessoal\"],\"inLanguage\":\"pt-BR\",\"potentialAction\":[{\"@type\":\"CommentAction\",\"name\":\"Comment\",\"target\":[\"https:\\\/\\\/meuvalor.org\\\/?p=382#respond\"]}]},{\"@type\":\"WebPage\",\"@id\":\"https:\\\/\\\/meuvalor.org\\\/?p=382\",\"url\":\"https:\\\/\\\/meuvalor.org\\\/?p=382\",\"name\":\"Vitimismo e Autoestima - Meu Valor\",\"isPartOf\":{\"@id\":\"https:\\\/\\\/meuvalor.org\\\/#website\"},\"primaryImageOfPage\":{\"@id\":\"https:\\\/\\\/meuvalor.org\\\/?p=382#primaryimage\"},\"image\":{\"@id\":\"https:\\\/\\\/meuvalor.org\\\/?p=382#primaryimage\"},\"thumbnailUrl\":\"https:\\\/\\\/meuvalor.org\\\/wp-content\\\/uploads\\\/2025\\\/11\\\/celebracao-dia-da-mulher-com-flores-1-scaled.jpg\",\"datePublished\":\"2025-11-14T18:38:59+00:00\",\"dateModified\":\"2025-11-17T12:51:59+00:00\",\"description\":\"Descubra como o vitimismo e os relacionamentos t\u00f3xicos impactam sua autoestima, suas amizades e sua vida familiar. Recuperar sua autoestima.\",\"breadcrumb\":{\"@id\":\"https:\\\/\\\/meuvalor.org\\\/?p=382#breadcrumb\"},\"inLanguage\":\"pt-BR\",\"potentialAction\":[{\"@type\":\"ReadAction\",\"target\":[\"https:\\\/\\\/meuvalor.org\\\/?p=382\"]}]},{\"@type\":\"ImageObject\",\"inLanguage\":\"pt-BR\",\"@id\":\"https:\\\/\\\/meuvalor.org\\\/?p=382#primaryimage\",\"url\":\"https:\\\/\\\/meuvalor.org\\\/wp-content\\\/uploads\\\/2025\\\/11\\\/celebracao-dia-da-mulher-com-flores-1-scaled.jpg\",\"contentUrl\":\"https:\\\/\\\/meuvalor.org\\\/wp-content\\\/uploads\\\/2025\\\/11\\\/celebracao-dia-da-mulher-com-flores-1-scaled.jpg\",\"width\":2560,\"height\":1280},{\"@type\":\"BreadcrumbList\",\"@id\":\"https:\\\/\\\/meuvalor.org\\\/?p=382#breadcrumb\",\"itemListElement\":[{\"@type\":\"ListItem\",\"position\":1,\"name\":\"In\u00edcio\",\"item\":\"https:\\\/\\\/meuvalor.org\\\/\"},{\"@type\":\"ListItem\",\"position\":2,\"name\":\"Vitimismo e Autoestima\"}]},{\"@type\":\"WebSite\",\"@id\":\"https:\\\/\\\/meuvalor.org\\\/#website\",\"url\":\"https:\\\/\\\/meuvalor.org\\\/\",\"name\":\"Meu Valor\",\"description\":\"\",\"publisher\":{\"@id\":\"https:\\\/\\\/meuvalor.org\\\/#\\\/schema\\\/person\\\/db185651e659b0450ad8d279d24955da\"},\"potentialAction\":[{\"@type\":\"SearchAction\",\"target\":{\"@type\":\"EntryPoint\",\"urlTemplate\":\"https:\\\/\\\/meuvalor.org\\\/?s={search_term_string}\"},\"query-input\":{\"@type\":\"PropertyValueSpecification\",\"valueRequired\":true,\"valueName\":\"search_term_string\"}}],\"inLanguage\":\"pt-BR\"},{\"@type\":[\"Person\",\"Organization\"],\"@id\":\"https:\\\/\\\/meuvalor.org\\\/#\\\/schema\\\/person\\\/db185651e659b0450ad8d279d24955da\",\"name\":\"Gabriela\",\"image\":{\"@type\":\"ImageObject\",\"inLanguage\":\"pt-BR\",\"@id\":\"https:\\\/\\\/meuvalor.org\\\/wp-content\\\/litespeed\\\/avatar\\\/a20d76d9311ccc3585a6527242099d52.jpg?ver=1776976598\",\"url\":\"https:\\\/\\\/meuvalor.org\\\/wp-content\\\/litespeed\\\/avatar\\\/a20d76d9311ccc3585a6527242099d52.jpg?ver=1776976598\",\"contentUrl\":\"https:\\\/\\\/meuvalor.org\\\/wp-content\\\/litespeed\\\/avatar\\\/a20d76d9311ccc3585a6527242099d52.jpg?ver=1776976598\",\"caption\":\"Gabriela\"},\"logo\":{\"@id\":\"https:\\\/\\\/meuvalor.org\\\/wp-content\\\/litespeed\\\/avatar\\\/a20d76d9311ccc3585a6527242099d52.jpg?ver=1776976598\"},\"sameAs\":[\"https:\\\/\\\/meuvalor.org\",\"https:\\\/\\\/www.youtube.com\\\/@GabrielaCarvalhedo\"],\"url\":\"https:\\\/\\\/meuvalor.org\\\/?author=1\"}]}<\/script>\n<!-- \/ Yoast SEO plugin. -->","yoast_head_json":{"title":"Vitimismo e Autoestima - Meu Valor","description":"Descubra como o vitimismo e os relacionamentos t\u00f3xicos impactam sua autoestima, suas amizades e sua vida familiar. Recuperar sua autoestima.","robots":{"index":"index","follow":"follow","max-snippet":"max-snippet:-1","max-image-preview":"max-image-preview:large","max-video-preview":"max-video-preview:-1"},"canonical":"https:\/\/meuvalor.org\/?p=382","og_locale":"pt_BR","og_type":"article","og_title":"Vitimismo e Autoestima - Meu Valor","og_description":"Descubra como o vitimismo e os relacionamentos t\u00f3xicos impactam sua autoestima, suas amizades e sua vida familiar. Recuperar sua autoestima.","og_url":"https:\/\/meuvalor.org\/?p=382","og_site_name":"Meu Valor","article_published_time":"2025-11-14T18:38:59+00:00","article_modified_time":"2025-11-17T12:51:59+00:00","og_image":[{"width":2560,"height":1280,"url":"https:\/\/meuvalor.org\/wp-content\/uploads\/2025\/11\/celebracao-dia-da-mulher-com-flores-1-scaled.jpg","type":"image\/jpeg"}],"author":"Gabriela","twitter_card":"summary_large_image","twitter_misc":{"Escrito por":"Gabriela","Est. tempo de leitura":"8 minutos"},"schema":{"@context":"https:\/\/schema.org","@graph":[{"@type":"Article","@id":"https:\/\/meuvalor.org\/?p=382#article","isPartOf":{"@id":"https:\/\/meuvalor.org\/?p=382"},"author":{"name":"Gabriela","@id":"https:\/\/meuvalor.org\/#\/schema\/person\/db185651e659b0450ad8d279d24955da"},"headline":"Vitimismo e Autoestima","datePublished":"2025-11-14T18:38:59+00:00","dateModified":"2025-11-17T12:51:59+00:00","mainEntityOfPage":{"@id":"https:\/\/meuvalor.org\/?p=382"},"wordCount":1417,"commentCount":0,"publisher":{"@id":"https:\/\/meuvalor.org\/#\/schema\/person\/db185651e659b0450ad8d279d24955da"},"image":{"@id":"https:\/\/meuvalor.org\/?p=382#primaryimage"},"thumbnailUrl":"https:\/\/meuvalor.org\/wp-content\/uploads\/2025\/11\/celebracao-dia-da-mulher-com-flores-1-scaled.jpg","keywords":["amor pr\u00f3prio","Autoestima","relacionamento t\u00f3xico","Vitimismo"],"articleSection":["Desenvolvimento Pessoal"],"inLanguage":"pt-BR","potentialAction":[{"@type":"CommentAction","name":"Comment","target":["https:\/\/meuvalor.org\/?p=382#respond"]}]},{"@type":"WebPage","@id":"https:\/\/meuvalor.org\/?p=382","url":"https:\/\/meuvalor.org\/?p=382","name":"Vitimismo e Autoestima - Meu Valor","isPartOf":{"@id":"https:\/\/meuvalor.org\/#website"},"primaryImageOfPage":{"@id":"https:\/\/meuvalor.org\/?p=382#primaryimage"},"image":{"@id":"https:\/\/meuvalor.org\/?p=382#primaryimage"},"thumbnailUrl":"https:\/\/meuvalor.org\/wp-content\/uploads\/2025\/11\/celebracao-dia-da-mulher-com-flores-1-scaled.jpg","datePublished":"2025-11-14T18:38:59+00:00","dateModified":"2025-11-17T12:51:59+00:00","description":"Descubra como o vitimismo e os relacionamentos t\u00f3xicos impactam sua autoestima, suas amizades e sua vida familiar. Recuperar sua autoestima.","breadcrumb":{"@id":"https:\/\/meuvalor.org\/?p=382#breadcrumb"},"inLanguage":"pt-BR","potentialAction":[{"@type":"ReadAction","target":["https:\/\/meuvalor.org\/?p=382"]}]},{"@type":"ImageObject","inLanguage":"pt-BR","@id":"https:\/\/meuvalor.org\/?p=382#primaryimage","url":"https:\/\/meuvalor.org\/wp-content\/uploads\/2025\/11\/celebracao-dia-da-mulher-com-flores-1-scaled.jpg","contentUrl":"https:\/\/meuvalor.org\/wp-content\/uploads\/2025\/11\/celebracao-dia-da-mulher-com-flores-1-scaled.jpg","width":2560,"height":1280},{"@type":"BreadcrumbList","@id":"https:\/\/meuvalor.org\/?p=382#breadcrumb","itemListElement":[{"@type":"ListItem","position":1,"name":"In\u00edcio","item":"https:\/\/meuvalor.org\/"},{"@type":"ListItem","position":2,"name":"Vitimismo e Autoestima"}]},{"@type":"WebSite","@id":"https:\/\/meuvalor.org\/#website","url":"https:\/\/meuvalor.org\/","name":"Meu Valor","description":"","publisher":{"@id":"https:\/\/meuvalor.org\/#\/schema\/person\/db185651e659b0450ad8d279d24955da"},"potentialAction":[{"@type":"SearchAction","target":{"@type":"EntryPoint","urlTemplate":"https:\/\/meuvalor.org\/?s={search_term_string}"},"query-input":{"@type":"PropertyValueSpecification","valueRequired":true,"valueName":"search_term_string"}}],"inLanguage":"pt-BR"},{"@type":["Person","Organization"],"@id":"https:\/\/meuvalor.org\/#\/schema\/person\/db185651e659b0450ad8d279d24955da","name":"Gabriela","image":{"@type":"ImageObject","inLanguage":"pt-BR","@id":"https:\/\/meuvalor.org\/wp-content\/litespeed\/avatar\/a20d76d9311ccc3585a6527242099d52.jpg?ver=1776976598","url":"https:\/\/meuvalor.org\/wp-content\/litespeed\/avatar\/a20d76d9311ccc3585a6527242099d52.jpg?ver=1776976598","contentUrl":"https:\/\/meuvalor.org\/wp-content\/litespeed\/avatar\/a20d76d9311ccc3585a6527242099d52.jpg?ver=1776976598","caption":"Gabriela"},"logo":{"@id":"https:\/\/meuvalor.org\/wp-content\/litespeed\/avatar\/a20d76d9311ccc3585a6527242099d52.jpg?ver=1776976598"},"sameAs":["https:\/\/meuvalor.org","https:\/\/www.youtube.com\/@GabrielaCarvalhedo"],"url":"https:\/\/meuvalor.org\/?author=1"}]}},"_links":{"self":[{"href":"https:\/\/meuvalor.org\/index.php?rest_route=\/wp\/v2\/posts\/382","targetHints":{"allow":["GET"]}}],"collection":[{"href":"https:\/\/meuvalor.org\/index.php?rest_route=\/wp\/v2\/posts"}],"about":[{"href":"https:\/\/meuvalor.org\/index.php?rest_route=\/wp\/v2\/types\/post"}],"author":[{"embeddable":true,"href":"https:\/\/meuvalor.org\/index.php?rest_route=\/wp\/v2\/users\/1"}],"replies":[{"embeddable":true,"href":"https:\/\/meuvalor.org\/index.php?rest_route=%2Fwp%2Fv2%2Fcomments&post=382"}],"version-history":[{"count":11,"href":"https:\/\/meuvalor.org\/index.php?rest_route=\/wp\/v2\/posts\/382\/revisions"}],"predecessor-version":[{"id":405,"href":"https:\/\/meuvalor.org\/index.php?rest_route=\/wp\/v2\/posts\/382\/revisions\/405"}],"wp:featuredmedia":[{"embeddable":true,"href":"https:\/\/meuvalor.org\/index.php?rest_route=\/wp\/v2\/media\/392"}],"wp:attachment":[{"href":"https:\/\/meuvalor.org\/index.php?rest_route=%2Fwp%2Fv2%2Fmedia&parent=382"}],"wp:term":[{"taxonomy":"category","embeddable":true,"href":"https:\/\/meuvalor.org\/index.php?rest_route=%2Fwp%2Fv2%2Fcategories&post=382"},{"taxonomy":"post_tag","embeddable":true,"href":"https:\/\/meuvalor.org\/index.php?rest_route=%2Fwp%2Fv2%2Ftags&post=382"}],"curies":[{"name":"wp","href":"https:\/\/api.w.org\/{rel}","templated":true}]}}