{"id":474,"date":"2025-12-01T22:48:39","date_gmt":"2025-12-02T01:48:39","guid":{"rendered":"https:\/\/meuvalor.org\/?p=474"},"modified":"2025-12-01T22:48:39","modified_gmt":"2025-12-02T01:48:39","slug":"a-diferenca-entre-procrastinacao-emocional-e-preguica","status":"publish","type":"post","link":"https:\/\/meuvalor.org\/?p=474","title":{"rendered":"A Diferen\u00e7a entre Procrastina\u00e7\u00e3o Emocional e Pregui\u00e7a"},"content":{"rendered":"<p><span style=\"font-family: arial, helvetica, sans-serif;\">Quando voc\u00ea deixa algo para depois, \u00e9 muito comum ouvir \u2013 ou at\u00e9 dizer para si mesma \u2013 que est\u00e1 com \u2018\u2019pregui\u00e7a\u2019\u2019. No entanto, na maioria das vezes, n\u00e3o \u00e9 pregui\u00e7a. \u00c9 algo muito mais profundo e silencioso: <strong>procrastina\u00e7\u00e3o emocional.<\/strong><\/span><\/p>\n<p><span style=\"font-family: arial, helvetica, sans-serif;\">Entender essa diferen\u00e7a pode transformar completamente sua rotina, sua produtividade, sua rela\u00e7\u00e3o consigo mesma e at\u00e9 sua forma de lidar com o dinheiro. Afinal, quando voc\u00ea entende <em>por que <\/em>est\u00e1 travando, consegue agir com mais leveza, consci\u00eancia e compaix\u00e3o.<\/span><\/p>\n<p><span style=\"font-family: arial, helvetica, sans-serif;\">Neste artigo, voc\u00ea vai compreender exatamente:<\/span><\/p>\n<ul>\n<li><span style=\"font-family: arial, helvetica, sans-serif;\">O que \u00e9 procrastina\u00e7\u00e3o emocional<\/span><\/li>\n<li><span style=\"font-family: arial, helvetica, sans-serif;\">Como ela se diferencia da pregui\u00e7a<\/span><\/li>\n<li><span style=\"font-family: arial, helvetica, sans-serif;\">Porque ela acontece<\/span><\/li>\n<li><span style=\"font-family: arial, helvetica, sans-serif;\">Como lidar com ela de maneira pr\u00e1tica e realista<\/span><\/li>\n<\/ul>\n<p><span style=\"font-family: arial, helvetica, sans-serif;\">Prepare-se para um conte\u00fado transformador.<\/span><\/p>\n<p><img loading=\"lazy\" decoding=\"async\" class=\"alignnone  wp-image-475\" src=\"https:\/\/meuvalor.org\/wp-content\/uploads\/2025\/12\/jovem-isolado-em-casa-300x200.jpg\" alt=\"\" width=\"887\" height=\"591\" srcset=\"https:\/\/meuvalor.org\/wp-content\/uploads\/2025\/12\/jovem-isolado-em-casa-300x200.jpg 300w, https:\/\/meuvalor.org\/wp-content\/uploads\/2025\/12\/jovem-isolado-em-casa-1024x683.jpg 1024w, https:\/\/meuvalor.org\/wp-content\/uploads\/2025\/12\/jovem-isolado-em-casa-768x512.jpg 768w, https:\/\/meuvalor.org\/wp-content\/uploads\/2025\/12\/jovem-isolado-em-casa-1536x1024.jpg 1536w, https:\/\/meuvalor.org\/wp-content\/uploads\/2025\/12\/jovem-isolado-em-casa-2048x1365.jpg 2048w\" sizes=\"auto, (max-width: 887px) 100vw, 887px\" \/><\/p>\n<h3><span style=\"font-family: arial, helvetica, sans-serif;\">O que \u00e9 pregui\u00e7a, afinal?<\/span><\/h3>\n<p><span style=\"font-family: arial, helvetica, sans-serif;\">Antes de entender a diferen\u00e7a entre procrastina\u00e7\u00e3o emocional e pregui\u00e7a, \u00e9 importante separar o que realmente significa \u2018\u2019pregui\u00e7a\u2019\u2019.<\/span><\/p>\n<p><span style=\"font-family: arial, helvetica, sans-serif;\">Pregui\u00e7a \u00e9 simplesmente <strong>falta de vontade genu\u00edna.<\/strong> N\u00e3o existe conflito interno profundo, n\u00e3o existe culpa, n\u00e3o existe peso emocional. \u00c9 apenas um estado f\u00edsico ou mental que diz: <em>\u2018N\u00e3o quero fazer isso agora\u2019\u2019.<\/em><\/span><\/p>\n<p><span style=\"font-family: arial, helvetica, sans-serif;\">A pregui\u00e7a \u00e9 natural. Todo mundo tem. \u00c9 uma pausa fisiol\u00f3gica e emocional que aparece quando seu corpo e sua mente pedem descanso ou quando a atividade realmente n\u00e3o tem import\u00e2ncia emocional para voc\u00ea.<\/span><\/p>\n<p><span style=\"font-family: arial, helvetica, sans-serif;\"><strong>Sinais claro de pregui\u00e7a:<\/strong><\/span><\/p>\n<ul>\n<li><span style=\"font-family: arial, helvetica, sans-serif;\">Voc\u00ea n\u00e3o v\u00ea problema em deixar para depois<\/span><\/li>\n<li><span style=\"font-family: arial, helvetica, sans-serif;\">N\u00e3o sente culpa, s\u00f3 falta de vontade<\/span><\/li>\n<li><span style=\"font-family: arial, helvetica, sans-serif;\">Sua energia f\u00edsica est\u00e1 baixa<\/span><\/li>\n<li><span style=\"font-family: arial, helvetica, sans-serif;\">N\u00e3o existe ansiedade envolvida<\/span><\/li>\n<li><span style=\"font-family: arial, helvetica, sans-serif;\">Quando voc\u00ea decide \u2018\u2019for\u00e7ar\u2019\u2019, voc\u00ea faz<\/span><\/li>\n<\/ul>\n<p><span style=\"font-family: arial, helvetica, sans-serif;\">Pregui\u00e7a n\u00e3o te paralisa, ela s\u00f3 desacelera. E ela passa.<\/span><\/p>\n<h3><span style=\"font-family: arial, helvetica, sans-serif;\">O que \u00e9 procrastina\u00e7\u00e3o emocional?<\/span><\/h3>\n<p><span style=\"font-family: arial, helvetica, sans-serif;\">Agora, vamos ao ponto mais importante: <strong>procrastina\u00e7\u00e3o emocional n\u00e3o \u00e9 falta de vontade. \u00c9 excesso de emo\u00e7\u00e3o.<\/strong><\/span><\/p>\n<p><span style=\"font-family: arial, helvetica, sans-serif;\">Ela acontece quando a tarefa ativa sensa\u00e7\u00f5es desconfort\u00e1veis como:<\/span><\/p>\n<ul>\n<li><span style=\"font-family: arial, helvetica, sans-serif;\">Medo<\/span><\/li>\n<li><span style=\"font-family: arial, helvetica, sans-serif;\">Press\u00e3o<\/span><\/li>\n<li><span style=\"font-family: arial, helvetica, sans-serif;\">Ansiedade<\/span><\/li>\n<li><span style=\"font-family: arial, helvetica, sans-serif;\">Inseguran\u00e7a<\/span><\/li>\n<li><span style=\"font-family: arial, helvetica, sans-serif;\">Perfeccionismo<\/span><\/li>\n<li><span style=\"font-family: arial, helvetica, sans-serif;\">Medo de falhar<\/span><\/li>\n<li><span style=\"font-family: arial, helvetica, sans-serif;\">Medo do julgamento<\/span><\/li>\n<li><span style=\"font-family: arial, helvetica, sans-serif;\">Sensa\u00e7\u00e3o de incapacidade<\/span><\/li>\n<li><span style=\"font-family: arial, helvetica, sans-serif;\">Medo de n\u00e3o ser boa o suficiente<\/span><\/li>\n<li><span style=\"font-family: arial, helvetica, sans-serif;\">As vezes medo do sucesso inconsciente<\/span><\/li>\n<\/ul>\n<p><span style=\"font-family: arial, helvetica, sans-serif;\">Ou seja, voc\u00ea n\u00e3o est\u00e1 evitando a tarefa. Voc\u00ea est\u00e1 evitando aquilo que <em>sente<\/em> quando pensa nela.<\/span><\/p>\n<p><span style=\"font-family: arial, helvetica, sans-serif;\">\u00c9 uma resposta emocional, n\u00e3o uma escolha racional.<\/span><\/p>\n<h6><span style=\"font-family: arial, helvetica, sans-serif;\"><strong>Sinais de quando \u00e9 procrastina\u00e7\u00e3o emocional:<\/strong><\/span><\/h6>\n<ul>\n<li><span style=\"font-family: arial, helvetica, sans-serif;\">Sente culpa por adiar<\/span><\/li>\n<li><span style=\"font-family: arial, helvetica, sans-serif;\">Pensa no assunto e j\u00e1 sente tens\u00e3o<\/span><\/li>\n<li><span style=\"font-family: arial, helvetica, sans-serif;\">Voc\u00ea quer fazer, mas n\u00e3o consegue come\u00e7ar<\/span><\/li>\n<li><span style=\"font-family: arial, helvetica, sans-serif;\">A tarefa parece pesada, mesmo se for simples<\/span><\/li>\n<li><span style=\"font-family: arial, helvetica, sans-serif;\">Voc\u00ea fica exausto(a) s\u00f3 de pensar em come\u00e7ar<\/span><\/li>\n<li><span style=\"font-family: arial, helvetica, sans-serif;\">Tende a se ocupar com outras coisas para n\u00e3o enfrentar a principal<\/span><\/li>\n<\/ul>\n<p><span style=\"font-family: arial, helvetica, sans-serif;\"><strong>Por que a procrastina\u00e7\u00e3o emocional acontece?<\/strong><\/span><\/p>\n<p><span style=\"font-family: arial, helvetica, sans-serif;\">Ela surge quando a tarefa toca em alguma vulnerabilidade interna. Ent\u00e3o, mesmo uma atividade simples pode se tornar pesada.<\/span><\/p>\n<p><span style=\"font-family: arial, helvetica, sans-serif;\"><strong>Os gatilhos mais comuns:<\/strong><\/span><\/p>\n<ol>\n<li><span style=\"font-family: arial, helvetica, sans-serif;\"><strong>Medo de n\u00e3o conseguir fazer direito<\/strong><\/span><\/li>\n<\/ol>\n<p><span style=\"font-family: arial, helvetica, sans-serif;\">voc\u00ea imagina cen\u00e1rios de falha antes mesmo de tentar.<\/span><\/p>\n<ol start=\"2\">\n<li><span style=\"font-family: arial, helvetica, sans-serif;\"><strong>Medo de julgamento<\/strong><\/span><\/li>\n<\/ol>\n<p><span style=\"font-family: arial, helvetica, sans-serif;\">Voc\u00ea teme o que os outros v\u00e3o pensar sobre o resultado.<\/span><\/p>\n<ol start=\"3\">\n<li><span style=\"font-family: arial, helvetica, sans-serif;\"><strong>Perfeccionismo<\/strong><\/span><\/li>\n<\/ol>\n<p><span style=\"font-family: arial, helvetica, sans-serif;\">Como nada parece \u2018\u2019bom o suficiente\u2019\u2019, voc\u00ea paralisa.<\/span><\/p>\n<ol start=\"4\">\n<li><span style=\"font-family: arial, helvetica, sans-serif;\"><strong>Sobrecarga emocional<\/strong><\/span><\/li>\n<\/ol>\n<p><span style=\"font-family: arial, helvetica, sans-serif;\">Quando a vida est\u00e1 pesada, at\u00e9 tarefas pequenas parecem gigantes.<\/span><\/p>\n<ol start=\"5\">\n<li><span style=\"font-family: arial, helvetica, sans-serif;\"><strong>Falta de clareza<\/strong><\/span><\/li>\n<\/ol>\n<p><span style=\"font-family: arial, helvetica, sans-serif;\">Quando n\u00e3o sabemos como come\u00e7ar, a mente cria resist\u00eancia.<\/span><\/p>\n<ol start=\"6\">\n<li><span style=\"font-family: arial, helvetica, sans-serif;\"><strong>Baixa autoestima<\/strong><\/span><\/li>\n<\/ol>\n<p><span style=\"font-family: arial, helvetica, sans-serif;\">Uma parte sua acredita que \u2018\u2019n\u00e3o vai dar conta\u2019\u2019.<\/span><\/p>\n<ol start=\"7\">\n<li><span style=\"font-family: arial, helvetica, sans-serif;\"><strong>Cansa\u00e7o mental acumulado<\/strong><\/span><\/li>\n<\/ol>\n<p><span style=\"font-family: arial, helvetica, sans-serif;\">A tarefa vira atilho para sensa\u00e7\u00f5es de esgotamento.<\/span><\/p>\n<p><span style=\"font-family: arial, helvetica, sans-serif;\">Esses fatores n\u00e3o tem nada a ver com car\u00e1ter, for\u00e7a de vontade ou disciplina. S\u00e3o <strong>rea\u00e7\u00f5es emocionais humanas<\/strong>.<\/span><\/p>\n<h3><span style=\"font-family: arial, helvetica, sans-serif;\">Como diferenciar, na pr\u00e1tica, pregui\u00e7a da procrastina\u00e7\u00e3o emocional<\/span><\/h3>\n<p><span style=\"font-family: arial, helvetica, sans-serif;\">Aqui vai um teste simples:<\/span><\/p>\n<p><span style=\"font-family: arial, helvetica, sans-serif;\"><strong>Se voc\u00ea tirar a emo\u00e7\u00e3o desconfort\u00e1vel, sobraria apenas a falta de vontade?<\/strong><\/span><\/p>\n<ul>\n<li><span style=\"font-family: arial, helvetica, sans-serif;\">Se sim \u00e9 pregui\u00e7a.<\/span><\/li>\n<li><span style=\"font-family: arial, helvetica, sans-serif;\">Se n\u00e3o \u00e9 procrastina\u00e7\u00e3o emocional.<\/span><\/li>\n<\/ul>\n<p><span style=\"font-family: arial, helvetica, sans-serif;\">Outra pergunta muito \u00fatil \u00e9:<\/span><\/p>\n<p><span style=\"font-family: arial, helvetica, sans-serif;\"><strong>Se algu\u00e9m fizesse isso por voc\u00ea, voc\u00ea se sentiria aliviada ou indiferente?<\/strong><\/span><\/p>\n<ul>\n<li><span style=\"font-family: arial, helvetica, sans-serif;\">Alivio = emo\u00e7\u00e3o na tarefa procrastina\u00e7\u00e3o emocional.<\/span><\/li>\n<li><span style=\"font-family: arial, helvetica, sans-serif;\">Indiferen\u00e7a = apenas n\u00e3o quer fazer pregui\u00e7a.<\/span><\/li>\n<\/ul>\n<p><span style=\"font-family: arial, helvetica, sans-serif;\">E mais:<\/span><\/p>\n<p><span style=\"font-family: arial, helvetica, sans-serif;\">Pregui\u00e7a n\u00e3o d\u00f3i.<\/span><\/p>\n<p><span style=\"font-family: arial, helvetica, sans-serif;\">Procrastina\u00e7\u00e3o emocional pesa.<\/span><\/p>\n<h3><span style=\"font-family: arial, helvetica, sans-serif;\">Como lidar com a procrastina\u00e7\u00e3o emocional (sem se culpar)<\/span><\/h3>\n<p><span style=\"font-family: arial, helvetica, sans-serif;\">Agora que voc\u00ea sabe o que est\u00e1 acontecendo, podemos come\u00e7ar a mudar esse padr\u00e3o \u2013 mas de forma leve, realista e humana. A ideia aqui n\u00e3o \u00e9 te transformar em uma m\u00e1quina produtiva, mas te ajudar a agir <em>sem se machucar emocionalmente.<\/em><\/span><\/p>\n<ol>\n<li><strong><span style=\"font-family: arial, helvetica, sans-serif;\">Comece identificando a emo\u00e7\u00e3o por tr\u00e1s do adiamento<\/span><\/strong><\/li>\n<\/ol>\n<p><span style=\"font-family: arial, helvetica, sans-serif;\">Pergunte-se:<\/span><\/p>\n<ul>\n<li><span style=\"font-family: arial, helvetica, sans-serif;\">\u2018\u2019O que eu estou sentindo quando penso em fazer isso?\u2019\u2019<\/span><\/li>\n<li><span style=\"font-family: arial, helvetica, sans-serif;\">\u2018\u2019O que exatamente me trava?\u2019\u2019<\/span><\/li>\n<li><span style=\"font-family: arial, helvetica, sans-serif;\">\u2018\u2019O que eu temo que aconte\u00e7a?\u2019\u2019<\/span><\/li>\n<\/ul>\n<p><span style=\"font-family: arial, helvetica, sans-serif;\">A clareza reduz a press\u00e3o.<\/span><\/p>\n<ol start=\"2\">\n<li><strong><span style=\"font-family: arial, helvetica, sans-serif;\">Transforme a tarefa em algo maior<\/span><\/strong><\/li>\n<\/ol>\n<p><span style=\"font-family: arial, helvetica, sans-serif;\">Uma das maiores causas de procrastina\u00e7\u00e3o emocional \u00e9 o tamanho mental da tarefa.<\/span><\/p>\n<p><span style=\"font-family: arial, helvetica, sans-serif;\">Por isso, divida em peda\u00e7\u00f5es muito pequenos.<\/span><\/p>\n<p><span style=\"font-family: arial, helvetica, sans-serif;\">Exemplo: ao inv\u00e9s de \u2018\u2019organizar minhas finan\u00e7as\u2019\u2019, comece por:<\/span><\/p>\n<ul>\n<li><span style=\"font-family: arial, helvetica, sans-serif;\">Olhar o extrato<\/span><\/li>\n<li><span style=\"font-family: arial, helvetica, sans-serif;\">Anotar tr\u00eas gastos<\/span><\/li>\n<li><span style=\"font-family: arial, helvetica, sans-serif;\">Abrir o aplicativo do banco<\/span><\/li>\n<\/ul>\n<p><span style=\"font-family: arial, helvetica, sans-serif;\">Pequenas a\u00e7\u00f5es reduzem a carga emocional.<\/span><\/p>\n<ol start=\"3\">\n<li><strong><span style=\"font-family: arial, helvetica, sans-serif;\">Use a t\u00e9cnica dos 5 minutos<\/span><\/strong><\/li>\n<\/ol>\n<p><span style=\"font-family: arial, helvetica, sans-serif;\">Diga a si mesmo(a)<\/span><\/p>\n<p><span style=\"font-family: arial, helvetica, sans-serif;\"><strong>\u2018\u2019S\u00f3 vou fazer por minutos.\u2019\u2019<\/strong><\/span><\/p>\n<p><span style=\"font-family: arial, helvetica, sans-serif;\">Esse truque funciona porque reduz o peso psicol\u00f3gico da tarefa.<\/span><\/p>\n<p><span style=\"font-family: arial, helvetica, sans-serif;\">Quando o c\u00e9rebro entende que n\u00e3o \u00e9 algo gigantesco, a resist\u00eancia diminui.<\/span><\/p>\n<p><span style=\"font-family: arial, helvetica, sans-serif;\">E, muitas vezes, voc\u00ea segue al\u00e9m dos 5 minutos de forma natural.<\/span><\/p>\n<ol start=\"4\">\n<li><strong><span style=\"font-family: arial, helvetica, sans-serif;\">Se pergunte: \u2018\u2019o que realmente est\u00e1 me deixando ansioso(a)?\u2019\u2019<\/span><\/strong><\/li>\n<\/ol>\n<p><span style=\"font-family: arial, helvetica, sans-serif;\">Muitas vezes, a ansiedade n\u00e3o est\u00e1 na tarefa, mas na expectativa criada ao redor dela. Por isso, reflita:<\/span><\/p>\n<ul>\n<li><span style=\"font-family: arial, helvetica, sans-serif;\">Eu estou sobrecarregado(a)?<\/span><\/li>\n<li><span style=\"font-family: arial, helvetica, sans-serif;\">Eu estou com medo de errar?<\/span><\/li>\n<li><span style=\"font-family: arial, helvetica, sans-serif;\">Eu estou tentando ser perfeito(a)?<\/span><\/li>\n<li><span style=\"font-family: arial, helvetica, sans-serif;\">Eu estou com medo de n\u00e3o ser bom?<\/span><\/li>\n<\/ul>\n<p><span style=\"font-family: arial, helvetica, sans-serif;\">Quanto mais especifico voc\u00ea for, mais leve fica.<\/span><\/p>\n<ol start=\"5\">\n<li>\n<h3><span style=\"font-family: arial, helvetica, sans-serif;\">Ajuste a tarefa \u00e0 sua energia, n\u00e3o ao seu ideal<\/span><\/h3>\n<\/li>\n<\/ol>\n<p><span style=\"font-family: arial, helvetica, sans-serif;\">Produtividade n\u00e3o \u00e9 sobre for\u00e7a. \u00c9 sobre ritmo.<\/span><\/p>\n<p><span style=\"font-family: arial, helvetica, sans-serif;\">Se seu corpo e sua mente est\u00e3o pedindo descanso, respeite e adapte.<\/span><\/p>\n<p><span style=\"font-family: arial, helvetica, sans-serif;\">A pergunta chave \u00e9:<\/span><\/p>\n<p><span style=\"font-family: arial, helvetica, sans-serif;\"><strong>\u2018\u2019O que eu consigo fazer HOJE, com a energia que eu tenho<\/strong>?\u2019\u2019<\/span><\/p>\n<p><span style=\"font-family: arial, helvetica, sans-serif;\">Isso te tira da cobran\u00e7a e te coloca na a\u00e7\u00e3o poss\u00edvel.<\/span><\/p>\n<ol start=\"6\">\n<li>\n<h3><span style=\"font-family: arial, helvetica, sans-serif;\"><strong>Trabalhe a autocompaix\u00e3o<\/strong><\/span><\/h3>\n<\/li>\n<\/ol>\n<p><span style=\"font-family: arial, helvetica, sans-serif;\">A autocr\u00edtica aumenta a procrastina\u00e7\u00e3o emocional<\/span><\/p>\n<p><span style=\"font-family: arial, helvetica, sans-serif;\">A autocompaix\u00e3o diminui.<\/span><\/p>\n<p><span style=\"font-family: arial, helvetica, sans-serif;\">Por\u00e9m, quando voc\u00ea diz \u2018\u2019sou um fracasso\u2019\u2019, \u2018\u2019n\u00e3o consigo\u2019\u2019, \u2018\u2019sou pregui\u00e7oso\u2019\u2019, o c\u00e9rebro cria ainda mais resist\u00eancia.<\/span><\/p>\n<p><span style=\"font-family: arial, helvetica, sans-serif;\">No lugar disso, tente algo como:<\/span><\/p>\n<ul>\n<li><span style=\"font-family: arial, helvetica, sans-serif;\">\u2018\u2019Eu estou tentando.\u2019\u2019<\/span><\/li>\n<li><span style=\"font-family: arial, helvetica, sans-serif;\">\u2018\u2019Isso \u00e9 dif\u00edcil, mas eu posso fazer aos poucos.\u2019\u2019<\/span><\/li>\n<li><span style=\"font-family: arial, helvetica, sans-serif;\">\u2018\u2019Eu n\u00e3o preciso fazer perfeito para fazer.\u2019\u2019<\/span><\/li>\n<\/ul>\n<p><span style=\"font-family: arial, helvetica, sans-serif;\">Parece pequeno, mas muda tudo.<\/span><\/p>\n<ol start=\"7\">\n<li>\n<h3><span style=\"font-family: arial, helvetica, sans-serif;\">Celebre movimentos, n\u00e3o resultados<\/span><\/h3>\n<\/li>\n<\/ol>\n<p><span style=\"font-family: arial, helvetica, sans-serif;\">A procrastina\u00e7\u00e3o emocional diminui quando voc\u00ea fortalece sua autoconfian\u00e7a.<\/span><\/p>\n<p><span style=\"font-family: arial, helvetica, sans-serif;\">E a melhor forma de fazer isso \u00e9 celebrando pequenas vit\u00f3rias.<\/span><\/p>\n<ul>\n<li><span style=\"font-family: arial, helvetica, sans-serif;\">Come\u00e7ou? Celebre.<\/span><\/li>\n<li><span style=\"font-family: arial, helvetica, sans-serif;\">Fez %? Celebre.<\/span><\/li>\n<li><span style=\"font-family: arial, helvetica, sans-serif;\">Fez um pouco menos do que queria? Celebre igual.<\/span><\/li>\n<\/ul>\n<p><span style=\"font-family: arial, helvetica, sans-serif;\">O c\u00e9rebro se motiva quando se sente capaz.<\/span><\/p>\n<h3><span style=\"font-family: arial, helvetica, sans-serif;\">E a pregui\u00e7a&#8230; como lidar com ela?<\/span><\/h3>\n<p><span style=\"font-family: arial, helvetica, sans-serif;\">Com gentileza.<\/span><\/p>\n<p><span style=\"font-family: arial, helvetica, sans-serif;\">Pregui\u00e7a \u00e9 parte da vida. n\u00e3o \u00e9 inimiga. \u00c9 um aviso:<\/span><\/p>\n<p><span style=\"font-family: arial, helvetica, sans-serif;\"><strong>\u2018\u2019Descansa um pouco.\u2019\u2019<\/strong><\/span><\/p>\n<p><span style=\"font-family: arial, helvetica, sans-serif;\">Aprender a respeitar esse aviso faz com que voc\u00ea evite esgotamentos emocionais e f\u00edsicos.<\/span><\/p>\n<p><span style=\"font-family: arial, helvetica, sans-serif;\">E, curiosamente, quanto mais voc\u00ea respeita seus ritmos, menos voc\u00ea procrastina.<\/span><\/p>\n<h6><span style=\"font-family: arial, helvetica, sans-serif;\">Entender a diferen\u00e7a muda tudo<\/span><\/h6>\n<p><span style=\"font-family: arial, helvetica, sans-serif;\">Quando voc\u00ea identifica se est\u00e1 lidando com pregui\u00e7a ou procrastina\u00e7\u00e3o emocional, voc\u00ea para de se culpar e passa a agir com consci\u00eancia. Isso traz leveza, clareza e equil\u00edbrio para todas as \u00e1reas da sua vida \u2013 inclusive para sua organiza\u00e7\u00e3o financeira, seu trabalho e sua rotina emocional.<\/span><\/p>\n<p><span style=\"font-family: arial, helvetica, sans-serif;\">A verdade \u00e9 que voc\u00ea n\u00e3o precisa ser dura consigo mesmo para ser produtivo.<\/span><\/p>\n<p><strong><span style=\"font-family: arial, helvetica, sans-serif;\">Voc\u00ea s\u00f3 precisa entender suas emo\u00e7\u00f5es.<\/span><\/strong><\/p>\n<p><span style=\"font-family: arial, helvetica, sans-serif;\">Se esse conte\u00fado te ajudou a entender os seus bloqueios e sua rela\u00e7\u00e3o com a procrastina\u00e7\u00e3o de um jeito mais leve, voc\u00ea vai amar o checklist que eu preparei.<\/span><\/p>\n<p><span style=\"font-family: arial, helvetica, sans-serif;\">Baixe gratuitamente o\u00a0<strong>Checklist <a href=\"https:\/\/meuvalor.org\/wp-content\/uploads\/2025\/12\/checklist_procrastinacao.pdf\">&#8221;Procrastina\u00e7\u00e3o x Pregui\u00e7a&#8221;<\/a><\/strong> e salve para consultar sempre que precisar.<\/span><\/p>\n<p><span style=\"font-family: arial, helvetica, sans-serif;\">Continue acompanhando o <a href=\"https:\/\/meuvalor.org\/\"><strong>MeuValor.org<\/strong><\/a>. Aqui eu compartilho reflex\u00f5es profundas, pr\u00e1ticas emocionais e caminhos reais para voc\u00ea viver uma vida mais consciente, equilibrada e cheia de prop\u00f3sitos \u2013 sem peso, sem culpa e no seu pr\u00f3prio ritmo.<\/span><\/p>\n","protected":false},"excerpt":{"rendered":"<p>Quando voc\u00ea deixa algo para depois, \u00e9 muito comum ouvir \u2013 ou at\u00e9 dizer para si mesma \u2013 que est\u00e1 [&hellip;]<\/p>\n","protected":false},"author":1,"featured_media":475,"comment_status":"open","ping_status":"open","sticky":false,"template":"","format":"standard","meta":{"site-sidebar-layout":"default","site-content-layout":"","ast-site-content-layout":"default","site-content-style":"default","site-sidebar-style":"default","ast-global-header-display":"","ast-banner-title-visibility":"","ast-main-header-display":"","ast-hfb-above-header-display":"","ast-hfb-below-header-display":"","ast-hfb-mobile-header-display":"","site-post-title":"","ast-breadcrumbs-content":"","ast-featured-img":"","footer-sml-layout":"","ast-disable-related-posts":"","theme-transparent-header-meta":"default","adv-header-id-meta":"","stick-header-meta":"","header-above-stick-meta":"","header-main-stick-meta":"","header-below-stick-meta":"","astra-migrate-meta-layouts":"set","ast-page-background-enabled":"default","ast-page-background-meta":{"desktop":{"background-color":"var(--ast-global-color-5)","background-image":"","background-repeat":"repeat","background-position":"center center","background-size":"auto","background-attachment":"scroll","background-type":"","background-media":"","overlay-type":"","overlay-color":"","overlay-opacity":"","overlay-gradient":""},"tablet":{"background-color":"","background-image":"","background-repeat":"repeat","background-position":"center center","background-size":"auto","background-attachment":"scroll","background-type":"","background-media":"","overlay-type":"","overlay-color":"","overlay-opacity":"","overlay-gradient":""},"mobile":{"background-color":"","background-image":"","background-repeat":"repeat","background-position":"center center","background-size":"auto","background-attachment":"scroll","background-type":"","background-media":"","overlay-type":"","overlay-color":"","overlay-opacity":"","overlay-gradient":""}},"ast-content-background-meta":{"desktop":{"background-color":"var(--ast-global-color-4)","background-image":"","background-repeat":"repeat","background-position":"center center","background-size":"auto","background-attachment":"scroll","background-type":"","background-media":"","overlay-type":"","overlay-color":"","overlay-opacity":"","overlay-gradient":""},"tablet":{"background-color":"var(--ast-global-color-4)","background-image":"","background-repeat":"repeat","background-position":"center center","background-size":"auto","background-attachment":"scroll","background-type":"","background-media":"","overlay-type":"","overlay-color":"","overlay-opacity":"","overlay-gradient":""},"mobile":{"background-color":"var(--ast-global-color-4)","background-image":"","background-repeat":"repeat","background-position":"center center","background-size":"auto","background-attachment":"scroll","background-type":"","background-media":"","overlay-type":"","overlay-color":"","overlay-opacity":"","overlay-gradient":""}},"footnotes":""},"categories":[3,1],"tags":[],"class_list":["post-474","post","type-post","status-publish","format-standard","has-post-thumbnail","hentry","category-desenvolvimento-pessoal","category-sem-categoria"],"yoast_head":"<!-- This site is optimized with the Yoast SEO plugin v27.4 - https:\/\/yoast.com\/product\/yoast-seo-wordpress\/ -->\n<title>A Diferen\u00e7a entre Procrastina\u00e7\u00e3o Emocional e Pregui\u00e7a - Meu Valor<\/title>\n<meta name=\"description\" content=\"Descubra a diferen\u00e7a entre procrastina\u00e7\u00e3o emocional e pregui\u00e7a, aprenda estrat\u00e9gias pr\u00e1ticas para lidar com cada uma delas no dia a dia.\" \/>\n<meta name=\"robots\" content=\"index, follow, max-snippet:-1, max-image-preview:large, max-video-preview:-1\" \/>\n<link rel=\"canonical\" href=\"https:\/\/meuvalor.org\/?p=474\" \/>\n<meta property=\"og:locale\" content=\"pt_BR\" \/>\n<meta property=\"og:type\" content=\"article\" \/>\n<meta property=\"og:title\" content=\"A Diferen\u00e7a entre Procrastina\u00e7\u00e3o Emocional e Pregui\u00e7a - Meu Valor\" \/>\n<meta property=\"og:description\" content=\"Descubra a diferen\u00e7a entre procrastina\u00e7\u00e3o emocional e pregui\u00e7a, aprenda estrat\u00e9gias pr\u00e1ticas para lidar com cada uma delas no dia a dia.\" \/>\n<meta property=\"og:url\" content=\"https:\/\/meuvalor.org\/?p=474\" \/>\n<meta property=\"og:site_name\" content=\"Meu Valor\" \/>\n<meta property=\"article:published_time\" content=\"2025-12-02T01:48:39+00:00\" \/>\n<meta property=\"og:image\" content=\"https:\/\/meuvalor.org\/wp-content\/uploads\/2025\/12\/jovem-isolado-em-casa-scaled.jpg\" \/>\n\t<meta property=\"og:image:width\" content=\"2560\" \/>\n\t<meta property=\"og:image:height\" content=\"1707\" \/>\n\t<meta property=\"og:image:type\" content=\"image\/jpeg\" \/>\n<meta name=\"author\" content=\"Gabriela\" \/>\n<meta name=\"twitter:card\" content=\"summary_large_image\" \/>\n<meta name=\"twitter:label1\" content=\"Escrito por\" \/>\n\t<meta name=\"twitter:data1\" content=\"Gabriela\" \/>\n\t<meta name=\"twitter:label2\" content=\"Est. tempo de leitura\" \/>\n\t<meta name=\"twitter:data2\" content=\"7 minutos\" \/>\n<script type=\"application\/ld+json\" class=\"yoast-schema-graph\">{\"@context\":\"https:\\\/\\\/schema.org\",\"@graph\":[{\"@type\":\"Article\",\"@id\":\"https:\\\/\\\/meuvalor.org\\\/?p=474#article\",\"isPartOf\":{\"@id\":\"https:\\\/\\\/meuvalor.org\\\/?p=474\"},\"author\":{\"name\":\"Gabriela\",\"@id\":\"https:\\\/\\\/meuvalor.org\\\/#\\\/schema\\\/person\\\/db185651e659b0450ad8d279d24955da\"},\"headline\":\"A Diferen\u00e7a entre Procrastina\u00e7\u00e3o Emocional e Pregui\u00e7a\",\"datePublished\":\"2025-12-02T01:48:39+00:00\",\"mainEntityOfPage\":{\"@id\":\"https:\\\/\\\/meuvalor.org\\\/?p=474\"},\"wordCount\":1322,\"commentCount\":0,\"publisher\":{\"@id\":\"https:\\\/\\\/meuvalor.org\\\/#\\\/schema\\\/person\\\/db185651e659b0450ad8d279d24955da\"},\"image\":{\"@id\":\"https:\\\/\\\/meuvalor.org\\\/?p=474#primaryimage\"},\"thumbnailUrl\":\"https:\\\/\\\/meuvalor.org\\\/wp-content\\\/uploads\\\/2025\\\/12\\\/jovem-isolado-em-casa-scaled.jpg\",\"articleSection\":[\"Desenvolvimento Pessoal\"],\"inLanguage\":\"pt-BR\",\"potentialAction\":[{\"@type\":\"CommentAction\",\"name\":\"Comment\",\"target\":[\"https:\\\/\\\/meuvalor.org\\\/?p=474#respond\"]}]},{\"@type\":\"WebPage\",\"@id\":\"https:\\\/\\\/meuvalor.org\\\/?p=474\",\"url\":\"https:\\\/\\\/meuvalor.org\\\/?p=474\",\"name\":\"A Diferen\u00e7a entre Procrastina\u00e7\u00e3o Emocional e Pregui\u00e7a - Meu Valor\",\"isPartOf\":{\"@id\":\"https:\\\/\\\/meuvalor.org\\\/#website\"},\"primaryImageOfPage\":{\"@id\":\"https:\\\/\\\/meuvalor.org\\\/?p=474#primaryimage\"},\"image\":{\"@id\":\"https:\\\/\\\/meuvalor.org\\\/?p=474#primaryimage\"},\"thumbnailUrl\":\"https:\\\/\\\/meuvalor.org\\\/wp-content\\\/uploads\\\/2025\\\/12\\\/jovem-isolado-em-casa-scaled.jpg\",\"datePublished\":\"2025-12-02T01:48:39+00:00\",\"description\":\"Descubra a diferen\u00e7a entre procrastina\u00e7\u00e3o emocional e pregui\u00e7a, aprenda estrat\u00e9gias pr\u00e1ticas para lidar com cada uma delas no dia a dia.\",\"breadcrumb\":{\"@id\":\"https:\\\/\\\/meuvalor.org\\\/?p=474#breadcrumb\"},\"inLanguage\":\"pt-BR\",\"potentialAction\":[{\"@type\":\"ReadAction\",\"target\":[\"https:\\\/\\\/meuvalor.org\\\/?p=474\"]}]},{\"@type\":\"ImageObject\",\"inLanguage\":\"pt-BR\",\"@id\":\"https:\\\/\\\/meuvalor.org\\\/?p=474#primaryimage\",\"url\":\"https:\\\/\\\/meuvalor.org\\\/wp-content\\\/uploads\\\/2025\\\/12\\\/jovem-isolado-em-casa-scaled.jpg\",\"contentUrl\":\"https:\\\/\\\/meuvalor.org\\\/wp-content\\\/uploads\\\/2025\\\/12\\\/jovem-isolado-em-casa-scaled.jpg\",\"width\":2560,\"height\":1707},{\"@type\":\"BreadcrumbList\",\"@id\":\"https:\\\/\\\/meuvalor.org\\\/?p=474#breadcrumb\",\"itemListElement\":[{\"@type\":\"ListItem\",\"position\":1,\"name\":\"In\u00edcio\",\"item\":\"https:\\\/\\\/meuvalor.org\\\/\"},{\"@type\":\"ListItem\",\"position\":2,\"name\":\"A Diferen\u00e7a entre Procrastina\u00e7\u00e3o Emocional e Pregui\u00e7a\"}]},{\"@type\":\"WebSite\",\"@id\":\"https:\\\/\\\/meuvalor.org\\\/#website\",\"url\":\"https:\\\/\\\/meuvalor.org\\\/\",\"name\":\"Meu Valor\",\"description\":\"\",\"publisher\":{\"@id\":\"https:\\\/\\\/meuvalor.org\\\/#\\\/schema\\\/person\\\/db185651e659b0450ad8d279d24955da\"},\"potentialAction\":[{\"@type\":\"SearchAction\",\"target\":{\"@type\":\"EntryPoint\",\"urlTemplate\":\"https:\\\/\\\/meuvalor.org\\\/?s={search_term_string}\"},\"query-input\":{\"@type\":\"PropertyValueSpecification\",\"valueRequired\":true,\"valueName\":\"search_term_string\"}}],\"inLanguage\":\"pt-BR\"},{\"@type\":[\"Person\",\"Organization\"],\"@id\":\"https:\\\/\\\/meuvalor.org\\\/#\\\/schema\\\/person\\\/db185651e659b0450ad8d279d24955da\",\"name\":\"Gabriela\",\"image\":{\"@type\":\"ImageObject\",\"inLanguage\":\"pt-BR\",\"@id\":\"https:\\\/\\\/meuvalor.org\\\/wp-content\\\/litespeed\\\/avatar\\\/a20d76d9311ccc3585a6527242099d52.jpg?ver=1776976598\",\"url\":\"https:\\\/\\\/meuvalor.org\\\/wp-content\\\/litespeed\\\/avatar\\\/a20d76d9311ccc3585a6527242099d52.jpg?ver=1776976598\",\"contentUrl\":\"https:\\\/\\\/meuvalor.org\\\/wp-content\\\/litespeed\\\/avatar\\\/a20d76d9311ccc3585a6527242099d52.jpg?ver=1776976598\",\"caption\":\"Gabriela\"},\"logo\":{\"@id\":\"https:\\\/\\\/meuvalor.org\\\/wp-content\\\/litespeed\\\/avatar\\\/a20d76d9311ccc3585a6527242099d52.jpg?ver=1776976598\"},\"sameAs\":[\"https:\\\/\\\/meuvalor.org\",\"https:\\\/\\\/www.youtube.com\\\/@GabrielaCarvalhedo\"],\"url\":\"https:\\\/\\\/meuvalor.org\\\/?author=1\"}]}<\/script>\n<!-- \/ Yoast SEO plugin. -->","yoast_head_json":{"title":"A Diferen\u00e7a entre Procrastina\u00e7\u00e3o Emocional e Pregui\u00e7a - Meu Valor","description":"Descubra a diferen\u00e7a entre procrastina\u00e7\u00e3o emocional e pregui\u00e7a, aprenda estrat\u00e9gias pr\u00e1ticas para lidar com cada uma delas no dia a dia.","robots":{"index":"index","follow":"follow","max-snippet":"max-snippet:-1","max-image-preview":"max-image-preview:large","max-video-preview":"max-video-preview:-1"},"canonical":"https:\/\/meuvalor.org\/?p=474","og_locale":"pt_BR","og_type":"article","og_title":"A Diferen\u00e7a entre Procrastina\u00e7\u00e3o Emocional e Pregui\u00e7a - Meu Valor","og_description":"Descubra a diferen\u00e7a entre procrastina\u00e7\u00e3o emocional e pregui\u00e7a, aprenda estrat\u00e9gias pr\u00e1ticas para lidar com cada uma delas no dia a dia.","og_url":"https:\/\/meuvalor.org\/?p=474","og_site_name":"Meu Valor","article_published_time":"2025-12-02T01:48:39+00:00","og_image":[{"width":2560,"height":1707,"url":"https:\/\/meuvalor.org\/wp-content\/uploads\/2025\/12\/jovem-isolado-em-casa-scaled.jpg","type":"image\/jpeg"}],"author":"Gabriela","twitter_card":"summary_large_image","twitter_misc":{"Escrito por":"Gabriela","Est. tempo de leitura":"7 minutos"},"schema":{"@context":"https:\/\/schema.org","@graph":[{"@type":"Article","@id":"https:\/\/meuvalor.org\/?p=474#article","isPartOf":{"@id":"https:\/\/meuvalor.org\/?p=474"},"author":{"name":"Gabriela","@id":"https:\/\/meuvalor.org\/#\/schema\/person\/db185651e659b0450ad8d279d24955da"},"headline":"A Diferen\u00e7a entre Procrastina\u00e7\u00e3o Emocional e Pregui\u00e7a","datePublished":"2025-12-02T01:48:39+00:00","mainEntityOfPage":{"@id":"https:\/\/meuvalor.org\/?p=474"},"wordCount":1322,"commentCount":0,"publisher":{"@id":"https:\/\/meuvalor.org\/#\/schema\/person\/db185651e659b0450ad8d279d24955da"},"image":{"@id":"https:\/\/meuvalor.org\/?p=474#primaryimage"},"thumbnailUrl":"https:\/\/meuvalor.org\/wp-content\/uploads\/2025\/12\/jovem-isolado-em-casa-scaled.jpg","articleSection":["Desenvolvimento Pessoal"],"inLanguage":"pt-BR","potentialAction":[{"@type":"CommentAction","name":"Comment","target":["https:\/\/meuvalor.org\/?p=474#respond"]}]},{"@type":"WebPage","@id":"https:\/\/meuvalor.org\/?p=474","url":"https:\/\/meuvalor.org\/?p=474","name":"A Diferen\u00e7a entre Procrastina\u00e7\u00e3o Emocional e Pregui\u00e7a - Meu Valor","isPartOf":{"@id":"https:\/\/meuvalor.org\/#website"},"primaryImageOfPage":{"@id":"https:\/\/meuvalor.org\/?p=474#primaryimage"},"image":{"@id":"https:\/\/meuvalor.org\/?p=474#primaryimage"},"thumbnailUrl":"https:\/\/meuvalor.org\/wp-content\/uploads\/2025\/12\/jovem-isolado-em-casa-scaled.jpg","datePublished":"2025-12-02T01:48:39+00:00","description":"Descubra a diferen\u00e7a entre procrastina\u00e7\u00e3o emocional e pregui\u00e7a, aprenda estrat\u00e9gias pr\u00e1ticas para lidar com cada uma delas no dia a dia.","breadcrumb":{"@id":"https:\/\/meuvalor.org\/?p=474#breadcrumb"},"inLanguage":"pt-BR","potentialAction":[{"@type":"ReadAction","target":["https:\/\/meuvalor.org\/?p=474"]}]},{"@type":"ImageObject","inLanguage":"pt-BR","@id":"https:\/\/meuvalor.org\/?p=474#primaryimage","url":"https:\/\/meuvalor.org\/wp-content\/uploads\/2025\/12\/jovem-isolado-em-casa-scaled.jpg","contentUrl":"https:\/\/meuvalor.org\/wp-content\/uploads\/2025\/12\/jovem-isolado-em-casa-scaled.jpg","width":2560,"height":1707},{"@type":"BreadcrumbList","@id":"https:\/\/meuvalor.org\/?p=474#breadcrumb","itemListElement":[{"@type":"ListItem","position":1,"name":"In\u00edcio","item":"https:\/\/meuvalor.org\/"},{"@type":"ListItem","position":2,"name":"A Diferen\u00e7a entre Procrastina\u00e7\u00e3o Emocional e Pregui\u00e7a"}]},{"@type":"WebSite","@id":"https:\/\/meuvalor.org\/#website","url":"https:\/\/meuvalor.org\/","name":"Meu Valor","description":"","publisher":{"@id":"https:\/\/meuvalor.org\/#\/schema\/person\/db185651e659b0450ad8d279d24955da"},"potentialAction":[{"@type":"SearchAction","target":{"@type":"EntryPoint","urlTemplate":"https:\/\/meuvalor.org\/?s={search_term_string}"},"query-input":{"@type":"PropertyValueSpecification","valueRequired":true,"valueName":"search_term_string"}}],"inLanguage":"pt-BR"},{"@type":["Person","Organization"],"@id":"https:\/\/meuvalor.org\/#\/schema\/person\/db185651e659b0450ad8d279d24955da","name":"Gabriela","image":{"@type":"ImageObject","inLanguage":"pt-BR","@id":"https:\/\/meuvalor.org\/wp-content\/litespeed\/avatar\/a20d76d9311ccc3585a6527242099d52.jpg?ver=1776976598","url":"https:\/\/meuvalor.org\/wp-content\/litespeed\/avatar\/a20d76d9311ccc3585a6527242099d52.jpg?ver=1776976598","contentUrl":"https:\/\/meuvalor.org\/wp-content\/litespeed\/avatar\/a20d76d9311ccc3585a6527242099d52.jpg?ver=1776976598","caption":"Gabriela"},"logo":{"@id":"https:\/\/meuvalor.org\/wp-content\/litespeed\/avatar\/a20d76d9311ccc3585a6527242099d52.jpg?ver=1776976598"},"sameAs":["https:\/\/meuvalor.org","https:\/\/www.youtube.com\/@GabrielaCarvalhedo"],"url":"https:\/\/meuvalor.org\/?author=1"}]}},"_links":{"self":[{"href":"https:\/\/meuvalor.org\/index.php?rest_route=\/wp\/v2\/posts\/474","targetHints":{"allow":["GET"]}}],"collection":[{"href":"https:\/\/meuvalor.org\/index.php?rest_route=\/wp\/v2\/posts"}],"about":[{"href":"https:\/\/meuvalor.org\/index.php?rest_route=\/wp\/v2\/types\/post"}],"author":[{"embeddable":true,"href":"https:\/\/meuvalor.org\/index.php?rest_route=\/wp\/v2\/users\/1"}],"replies":[{"embeddable":true,"href":"https:\/\/meuvalor.org\/index.php?rest_route=%2Fwp%2Fv2%2Fcomments&post=474"}],"version-history":[{"count":1,"href":"https:\/\/meuvalor.org\/index.php?rest_route=\/wp\/v2\/posts\/474\/revisions"}],"predecessor-version":[{"id":477,"href":"https:\/\/meuvalor.org\/index.php?rest_route=\/wp\/v2\/posts\/474\/revisions\/477"}],"wp:featuredmedia":[{"embeddable":true,"href":"https:\/\/meuvalor.org\/index.php?rest_route=\/wp\/v2\/media\/475"}],"wp:attachment":[{"href":"https:\/\/meuvalor.org\/index.php?rest_route=%2Fwp%2Fv2%2Fmedia&parent=474"}],"wp:term":[{"taxonomy":"category","embeddable":true,"href":"https:\/\/meuvalor.org\/index.php?rest_route=%2Fwp%2Fv2%2Fcategories&post=474"},{"taxonomy":"post_tag","embeddable":true,"href":"https:\/\/meuvalor.org\/index.php?rest_route=%2Fwp%2Fv2%2Ftags&post=474"}],"curies":[{"name":"wp","href":"https:\/\/api.w.org\/{rel}","templated":true}]}}